{"id":1220085,"date":"2021-01-27T22:26:38","date_gmt":"2021-01-28T04:26:38","guid":{"rendered":"https:\/\/www.acapulcopress.com\/?p=1220085"},"modified":"2021-01-27T22:26:38","modified_gmt":"2021-01-28T04:26:38","slug":"guerrero-retrocede-a-semaforo-rojo","status":"publish","type":"post","link":"https:\/\/www.acapulcopress.com\/index.php\/2021\/01\/27\/guerrero-retrocede-a-semaforo-rojo\/","title":{"rendered":"Guerrero retrocede a &#8216;sem\u00e1foro rojo&#8217;"},"content":{"rendered":"<p style=\"text-align: justify;\"><strong><em>*\u00a0<\/em> Este d\u00eda, el estado de Guerrero acumul\u00f3 30 mil 204 casos positivos y 3 mil 3 defunciones, mientras que Acapulco report\u00f3 con 12 mil 825 casos y 1 mil 363 muertos.\u00a0<\/strong><\/p>\n<p>CHILPANCINGO. * 27 de enero de 2021.<br \/>\n<em>] Efe.<\/em><\/p>\n<p style=\"text-align: justify;\">El gobierno de Guerrero inform\u00f3 que debido al aumento de contagios y decesos por Covid regresar\u00e1n a sem\u00e1foro rojo, por lo que las actividades no esenciales ser\u00e1n restringidas hasta en un 70%, a partir de este mi\u00e9rcoles y hasta el 14 de febrero.<\/p>\n<p style=\"text-align: justify;\">\u201cEl sem\u00e1foro epidemiol\u00f3gico del estado transita a color rojo por lo que el Consejo Estatal de Salud ha determinado ajustar la vigencia de porcentajes de ocupaci\u00f3n, aforos y horarios de diversas actividades no esenciales, con la finalidad de preservar la salud de la poblaci\u00f3n\u201d, inform\u00f3 el gobierno.<\/p>\n<p style=\"text-align: justify;\">Las actividades no esenciales que se ver\u00e1n restringidas ser\u00e1n hoteles, clubes de playas, balnearios, yates de recreo, servicios n\u00e1uticos, deportes acu\u00e1ticos y playas, con un aforo del 30% y en un horario de 7:00 a 17:00 horas, suspendiendo la venta y entrada de comida en esta hora.<\/p>\n<p style=\"text-align: justify;\">\u201cEn Guerrero hemos rebasado las 3,000 defunciones, hay que recordar que en junio tuvimos el pico del a\u00f1o pasado y los mayores indicadores estuvieron en junio y julio\u201d, se\u00f1al\u00f3 en un v\u00eddeo en redes sociales el gobernador del estado, H\u00e9ctor Astudillo.<\/p>\n<p style=\"text-align: justify;\">\u201cTenemos que suspender todas las actividades no esenciales, este es un asunto en el que hay que prevenir, no acercarse a la muerte por Covid-19\u2033, agreg\u00f3.<\/p>\n<p style=\"text-align: justify;\">Las actividades en centros nocturnos, bares y salones de eventos en lugares abiertos y cerrados, permanecen suspendidas al igual que discotecas y casinos, por lo que encargados y comerciantes aseguran que se espera una segunda crisis econ\u00f3mica.<\/p>\n<p style=\"text-align: justify;\">\u201cLa noticia honestamente ya me la esperaba, era obvio despu\u00e9s de diciembre, pero no estoy preparado para esto, llevo un a\u00f1o sin estar preparado para el covid, la verdad es imposible prepararse para algo as\u00ed\u201d, dijo Pascual Verdeja, encargado de un hotel.<\/p>\n<p style=\"text-align: justify;\">A pesar de que se dio a conocer la informaci\u00f3n del regreso al color rojo, los trabajadores de los centros nocturnos comentaron que ellos seguir\u00e1n laborando de manera \u201cnormal\u201d, hasta que sean notificados por alguna autoridad.<\/p>\n<p style=\"text-align: justify;\">\u201cHab\u00eda rumores nada m\u00e1s, la noticia nos agarr\u00f3 de sorpresa. Se hace un cierre como la ocasi\u00f3n anterior, pero hasta que no nos avisen no nos podemos adelantar a los hechos. Hoy cerramos normal hasta las 23 horas con las medidas sanitarias debidas\u201d, enfatiz\u00f3 el encargado de los bares de un hotel, Daniel Chavarr\u00eda.<\/p>\n<p style=\"text-align: justify;\">En los \u00faltimos seis meses, el sem\u00e1foro epidemiol\u00f3gico en el estado transit\u00f3 del naranja (riesgo alto) al amarillo (riesgo medio) y debido a ello los trabajadores se\u00f1alaron que no han podido recuperar su estabilidad econ\u00f3mica.<\/p>\n<p style=\"text-align: justify;\">Hasta este d\u00eda, el estado de Guerrero acumula 30,204 casos positivos y 3,003 defunciones, mientras que Acapulco es la ciudad que m\u00e1s casos reporta con 12,825 casos y 1,363 muertos.<\/p>\n<div style=\"width: 852px;\" class=\"wp-video\"><video class=\"wp-video-shortcode\" id=\"video-1220085-1\" width=\"852\" height=\"480\" preload=\"metadata\" controls=\"controls\"><source type=\"video\/mp4\" src=\"https:\/\/www.acapulco.press\/wp-content\/uploads\/2021\/01\/ASTUDILLO-COVID.mp4?_=1\" \/><a href=\"https:\/\/www.acapulco.press\/wp-content\/uploads\/2021\/01\/ASTUDILLO-COVID.mp4\">https:\/\/www.acapulco.press\/wp-content\/uploads\/2021\/01\/ASTUDILLO-COVID.mp4<\/a><\/video><\/div>\n","protected":false},"excerpt":{"rendered":"<p>*\u00a0 Este d\u00eda, el estado de Guerrero acumul\u00f3 30 mil 204 casos positivos y 3 mil 3 defunciones, mientras que Acapulco report\u00f3 con 12 mil 825 casos y 1 mil 363 muertos.\u00a0 CHILPANCINGO. * 27 de enero de 2021. ] Efe. El gobierno de Guerrero inform\u00f3 que debido al aumento de contagios y decesos por&#8230;<\/p>\n","protected":false},"author":2,"featured_media":1220030,"comment_status":"closed","ping_status":"closed","sticky":false,"template":"","format":"standard","meta":{"footnotes":""},"categories":[1972,18574,1997],"tags":[6705,9571],"class_list":["post-1220085","post","type-post","status-publish","format-standard","has-post-thumbnail","hentry","category-special","category-gobierno-la-foto","category-noticias-destacadas","tag-covid19","tag-guerrero-rojo"],"_links":{"self":[{"href":"https:\/\/www.acapulcopress.com\/index.php\/wp-json\/wp\/v2\/posts\/1220085","targetHints":{"allow":["GET"]}}],"collection":[{"href":"https:\/\/www.acapulcopress.com\/index.php\/wp-json\/wp\/v2\/posts"}],"about":[{"href":"https:\/\/www.acapulcopress.com\/index.php\/wp-json\/wp\/v2\/types\/post"}],"author":[{"embeddable":true,"href":"https:\/\/www.acapulcopress.com\/index.php\/wp-json\/wp\/v2\/users\/2"}],"replies":[{"embeddable":true,"href":"https:\/\/www.acapulcopress.com\/index.php\/wp-json\/wp\/v2\/comments?post=1220085"}],"version-history":[{"count":0,"href":"https:\/\/www.acapulcopress.com\/index.php\/wp-json\/wp\/v2\/posts\/1220085\/revisions"}],"wp:featuredmedia":[{"embeddable":true,"href":"https:\/\/www.acapulcopress.com\/index.php\/wp-json\/"}],"wp:attachment":[{"href":"https:\/\/www.acapulcopress.com\/index.php\/wp-json\/wp\/v2\/media?parent=1220085"}],"wp:term":[{"taxonomy":"category","embeddable":true,"href":"https:\/\/www.acapulcopress.com\/index.php\/wp-json\/wp\/v2\/categories?post=1220085"},{"taxonomy":"post_tag","embeddable":true,"href":"https:\/\/www.acapulcopress.com\/index.php\/wp-json\/wp\/v2\/tags?post=1220085"}],"curies":[{"name":"wp","href":"https:\/\/api.w.org\/{rel}","templated":true}]}}