{"id":1220129,"date":"2021-01-28T22:32:17","date_gmt":"2021-01-29T04:32:17","guid":{"rendered":"https:\/\/www.acapulcopress.com\/?p=1220129"},"modified":"2021-01-28T22:32:17","modified_gmt":"2021-01-29T04:32:17","slug":"urge-plan-de-accion-emergente-para-enfrentar-semaforo-rojo-yair-delgado","status":"publish","type":"post","link":"https:\/\/www.acapulcopress.com\/index.php\/2021\/01\/28\/urge-plan-de-accion-emergente-para-enfrentar-semaforo-rojo-yair-delgado\/","title":{"rendered":"Urge Plan de Acci\u00f3n Emergente para enfrentar &#8216;Sem\u00e1foro Rojo&#8217; | Yair Delgado"},"content":{"rendered":"<p style=\"text-align: justify;\">ACAPULCO. * 28 de enero de 2021.<br \/>\n<em>] Acapulco Press.<\/em><\/p>\n<p style=\"text-align: justify;\">El <em>Ciudadano de Tiempo Completo<\/em>, Yair Garc\u00eda Delgado, demand\u00f3 del Estado y Municipio un Plan de Acci\u00f3n <img loading=\"lazy\" decoding=\"async\" class=\"alignleft size-medium wp-image-1220136\" src=\"https:\/\/www.acapulco.press\/wp-content\/uploads\/2021\/01\/YAIR7-1-375x269.jpg\" alt=\"\" width=\"375\" height=\"269\" \/>Emergente que ayude a la gente a enfrentar las restricciones del &#8216;sem\u00e1foro rojo&#8217;.<\/p>\n<p style=\"text-align: justify;\">Sin un plan estrat\u00e9gico, ser\u00e1 dif\u00edcil enfrentar la crisis y acatar el llamado oficial de &#8216;permanecer en casa&#8217;.<\/p>\n<p style=\"text-align: justify;\">Garc\u00eda Delgado se\u00f1al\u00f3 que \u00abahora que est\u00e1 el sem\u00e1foro rojo requerimos de un plan emergente de prevenci\u00f3n sanitaria y un plan econ\u00f3mico urgente que permita subsistir a la clase baja del puerto, que representa el 70 por ciento de la poblaci\u00f3n acapulque\u00f1a.<\/p>\n<p style=\"text-align: justify;\">Al <em>Ciudadano de Tiempo Completo <\/em>le agravia que hasta <img loading=\"lazy\" decoding=\"async\" class=\"alignleft size-medium wp-image-1220131\" src=\"https:\/\/www.acapulco.press\/wp-content\/uploads\/2021\/01\/YAIR2-1-375x500.jpg\" alt=\"\" width=\"375\" height=\"500\" \/>ahora no exista ning\u00fan plan ni coordinaci\u00f3n esfuerzos para ayudar a mitigar el cierre de negocios y la movilidad de la poblaci\u00f3n.<\/p>\n<p style=\"text-align: justify;\">Yair Garc\u00eda destac\u00f3 que gobierno municipal debe garantizar el suministro de agua hasta que disminuyan los contagios, y aplazar los pagos de los servicios p\u00fablicos para que ciudadanos puedan resolver sus problemas econ\u00f3micos que vendr\u00e1n con el reconfinamiento social.<\/p>\n<p style=\"text-align: justify;\">A los legislaci\u00f3n exhort\u00f3 buscar mecanismos jur\u00eddicos que garanticen el acceso gratuito al servicio de internet, \u201cporque todo parece indicar, que la pandemia continuar\u00e1 y no se regresar\u00e1 a las clases presenciales, lo cual significa que pago de dicho servicio representar\u00e1 un gasto extra o bien un impedimento para seguir estudiando\u201d, finaliz\u00f3.<\/p>\n","protected":false},"excerpt":{"rendered":"<p>ACAPULCO. * 28 de enero de 2021. ] Acapulco Press. El Ciudadano de Tiempo Completo, Yair Garc\u00eda Delgado, demand\u00f3 del Estado y Municipio un Plan de Acci\u00f3n Emergente que ayude a la gente a enfrentar las restricciones del &#8216;sem\u00e1foro rojo&#8217;. Sin un plan estrat\u00e9gico, ser\u00e1 dif\u00edcil enfrentar la crisis y acatar el llamado oficial de&#8230;<\/p>\n","protected":false},"author":2,"featured_media":1220143,"comment_status":"closed","ping_status":"closed","sticky":false,"template":"","format":"standard","meta":{"footnotes":""},"categories":[1969,1972,18580],"tags":[6705,9279,9302,14606,16431,18204],"class_list":["post-1220129","post","type-post","status-publish","format-standard","has-post-thumbnail","hentry","category-trending","category-special","category-salud-mundial","tag-covid19","tag-gobierno-de-acapulco","tag-gobierno-de-guerrero","tag-plan-de-accion-emergente-semaforo-rojo","tag-semaforo-rojo","tag-yair-garcia-delgado"],"_links":{"self":[{"href":"https:\/\/www.acapulcopress.com\/index.php\/wp-json\/wp\/v2\/posts\/1220129","targetHints":{"allow":["GET"]}}],"collection":[{"href":"https:\/\/www.acapulcopress.com\/index.php\/wp-json\/wp\/v2\/posts"}],"about":[{"href":"https:\/\/www.acapulcopress.com\/index.php\/wp-json\/wp\/v2\/types\/post"}],"author":[{"embeddable":true,"href":"https:\/\/www.acapulcopress.com\/index.php\/wp-json\/wp\/v2\/users\/2"}],"replies":[{"embeddable":true,"href":"https:\/\/www.acapulcopress.com\/index.php\/wp-json\/wp\/v2\/comments?post=1220129"}],"version-history":[{"count":0,"href":"https:\/\/www.acapulcopress.com\/index.php\/wp-json\/wp\/v2\/posts\/1220129\/revisions"}],"wp:featuredmedia":[{"embeddable":true,"href":"https:\/\/www.acapulcopress.com\/index.php\/wp-json\/"}],"wp:attachment":[{"href":"https:\/\/www.acapulcopress.com\/index.php\/wp-json\/wp\/v2\/media?parent=1220129"}],"wp:term":[{"taxonomy":"category","embeddable":true,"href":"https:\/\/www.acapulcopress.com\/index.php\/wp-json\/wp\/v2\/categories?post=1220129"},{"taxonomy":"post_tag","embeddable":true,"href":"https:\/\/www.acapulcopress.com\/index.php\/wp-json\/wp\/v2\/tags?post=1220129"}],"curies":[{"name":"wp","href":"https:\/\/api.w.org\/{rel}","templated":true}]}}