{"id":1220144,"date":"2021-01-27T22:42:07","date_gmt":"2021-01-28T04:42:07","guid":{"rendered":"https:\/\/www.acapulcopress.com\/?p=1220144"},"modified":"2021-01-27T22:42:07","modified_gmt":"2021-01-28T04:42:07","slug":"invita-uagro-a-videconferencia-estudios-de-genero-en-la-uagro","status":"publish","type":"post","link":"https:\/\/www.acapulcopress.com\/index.php\/2021\/01\/27\/invita-uagro-a-videconferencia-estudios-de-genero-en-la-uagro\/","title":{"rendered":"Invita UAGro a videconferencia \u00abEstudios de G\u00e9nero en la UAGro\u00bb"},"content":{"rendered":"<p>CHILPANCINGO. * 27 de enero de 2021.<br \/>\n] UAGro.<\/p>\n<p style=\"text-align: justify;\">Para conmemorar el D\u00eda de la Mujer Mexicana, a trav\u00e9s del \u00c1rea de Igualdad de G\u00e9nero UAGro, los invitamos el pr\u00f3ximo 15 de febrero a participar en la videconferencia \u00abEstudios de G\u00e9nero en la UAGro\u00bb, impartida por la Dra. Luz Alejandra C\u00e1rdenas Santana, Maestra Em\u00e9rita de la UAGro, inform\u00f3 el Rector Javier Salda\u00f1a Almaz\u00e1n.<\/p>\n<p>En el siguiente enlace pueden realizar su registro: <em><a href=\"http:\/\/www.eventosvirtuales.uagro.mx\/registro\/?event=404\" target=\"_blank\" rel=\"noopener\">http:\/\/www.eventosvirtuales.uagro.mx\/registro\/?event=404<\/a><\/em><\/p>\n","protected":false},"excerpt":{"rendered":"<p>CHILPANCINGO. * 27 de enero de 2021. ] UAGro. Para conmemorar el D\u00eda de la Mujer Mexicana, a trav\u00e9s del \u00c1rea de Igualdad de G\u00e9nero UAGro, los invitamos el pr\u00f3ximo 15 de febrero a participar en la videconferencia \u00abEstudios de G\u00e9nero en la UAGro\u00bb, impartida por la Dra. Luz Alejandra C\u00e1rdenas Santana, Maestra Em\u00e9rita de&#8230;<\/p>\n","protected":false},"author":2,"featured_media":1220145,"comment_status":"closed","ping_status":"closed","sticky":false,"template":"","format":"standard","meta":{"footnotes":""},"categories":[18561,2016],"tags":[2205,10644,17463],"class_list":["post-1220144","post","type-post","status-publish","format-standard","has-post-thumbnail","hentry","category-society-politics","category-uagro-society-politics","tag-estudios-de-genero-en-la-uagro","tag-javier-saldana-almazan","tag-uagro"],"_links":{"self":[{"href":"https:\/\/www.acapulcopress.com\/index.php\/wp-json\/wp\/v2\/posts\/1220144","targetHints":{"allow":["GET"]}}],"collection":[{"href":"https:\/\/www.acapulcopress.com\/index.php\/wp-json\/wp\/v2\/posts"}],"about":[{"href":"https:\/\/www.acapulcopress.com\/index.php\/wp-json\/wp\/v2\/types\/post"}],"author":[{"embeddable":true,"href":"https:\/\/www.acapulcopress.com\/index.php\/wp-json\/wp\/v2\/users\/2"}],"replies":[{"embeddable":true,"href":"https:\/\/www.acapulcopress.com\/index.php\/wp-json\/wp\/v2\/comments?post=1220144"}],"version-history":[{"count":0,"href":"https:\/\/www.acapulcopress.com\/index.php\/wp-json\/wp\/v2\/posts\/1220144\/revisions"}],"wp:featuredmedia":[{"embeddable":true,"href":"https:\/\/www.acapulcopress.com\/index.php\/wp-json\/"}],"wp:attachment":[{"href":"https:\/\/www.acapulcopress.com\/index.php\/wp-json\/wp\/v2\/media?parent=1220144"}],"wp:term":[{"taxonomy":"category","embeddable":true,"href":"https:\/\/www.acapulcopress.com\/index.php\/wp-json\/wp\/v2\/categories?post=1220144"},{"taxonomy":"post_tag","embeddable":true,"href":"https:\/\/www.acapulcopress.com\/index.php\/wp-json\/wp\/v2\/tags?post=1220144"}],"curies":[{"name":"wp","href":"https:\/\/api.w.org\/{rel}","templated":true}]}}