{"id":1220150,"date":"2021-01-28T22:55:41","date_gmt":"2021-01-29T04:55:41","guid":{"rendered":"https:\/\/www.acapulcopress.com\/?p=1220150"},"modified":"2021-01-28T22:55:41","modified_gmt":"2021-01-29T04:55:41","slug":"por-semaforo-rojo-consejo-universitario-aplaza-elecciones-en-uagro","status":"publish","type":"post","link":"https:\/\/www.acapulcopress.com\/index.php\/2021\/01\/28\/por-semaforo-rojo-consejo-universitario-aplaza-elecciones-en-uagro\/","title":{"rendered":"Por &#8216;sem\u00e1foro rojo&#8217;, Consejo Universitario aplaza elecciones en UAGro"},"content":{"rendered":"<p style=\"text-align: justify;\">CHILPANCINGO. * 28 de enero de 2021.<br \/>\n<em>] UAGro.<\/em><\/p>\n<p style=\"text-align: justify;\">El H. Consejo Universitario de la Universidad Aut\u00f3noma de Guerrero determin\u00f3 que no existen condiciones sanitarias para realizar elecciones internas por el agravamiento de la pandemia del Covid-19 en el estado, por lo cual <img loading=\"lazy\" decoding=\"async\" class=\"alignleft size-medium wp-image-1220154\" src=\"https:\/\/www.acapulco.press\/wp-content\/uploads\/2021\/01\/elecciones-uagro2-375x281.jpg\" alt=\"\" width=\"375\" height=\"281\" \/>el pleno decidi\u00f3 que no se expondr\u00e1 la salud de estudiantes menores de edad, de Nivel Superior, profesores, personal administrativo o de intendencia.<\/p>\n<p style=\"text-align: justify;\">El m\u00e1ximo \u00f3rgano de gobierno ratific\u00f3 la petici\u00f3n por escrito de 160 consejeros, que solicitaron aplazar al mes de julio el inicio del proceso electoral para elegir al nuevo rector y directores de Escuelas Preparatorias y Facultades de Nivel Superior; para el caso de los magistrados del Tribunal Universitario, el aplazamiento ser\u00e1 de un a\u00f1o.<\/p>\n<p style=\"text-align: justify;\">El secretario general de la UAGro, Jos\u00e9 Alfredo Romero Olea, puntualiz\u00f3 que \u201cno vamos a someter a un proceso peligroso ni a estudiantes, ni a trabajadores; ninguna votaci\u00f3n est\u00e1 por encima de la vida, la salud y la seguridad de los universitarios\u201d.<\/p>\n<p style=\"text-align: justify;\">En su intervenci\u00f3n el consejero de la Preparatoria No. 8 de Ciudad Altamirano, Renato Avil\u00e9s se\u00f1al\u00f3 \u201ca los que est\u00e1n pidiendo que se lleven a cabo las elecciones\u201d y critic\u00f3 que es una postura \u201cmuy irresponsable: creemos que es mejor esperar a que haya condiciones y no exponer a los hay estudiantes de comunidades que se trasladar\u00edan solo para votar\u201d.<\/p>\n<p style=\"text-align: justify;\">Durante la sesi\u00f3n, el rector Javier Salda\u00f1a Almaz\u00e1n reapareci\u00f3 v\u00eda telef\u00f3nica despu\u00e9s de sufrir un contagio por Covid-19.<\/p>\n<p style=\"text-align: justify;\"><img loading=\"lazy\" decoding=\"async\" class=\"alignleft size-medium wp-image-1220151\" src=\"https:\/\/www.acapulco.press\/wp-content\/uploads\/2021\/01\/consejo-universitario-375x434.jpg\" alt=\"\" width=\"375\" height=\"434\" \/>Salda\u00f1a Almaz\u00e1n envi\u00f3 un mensaje a los universitarios y asegur\u00f3 que lo peor de su enfermedad ya est\u00e1 superada, que sigue trabajando y atendiendo a distancia los asuntos prioritarios de la instituci\u00f3n y que pronto estar\u00e1 de regreso ya que su rehabilitaci\u00f3n avanza satisfactoriamente.<\/p>\n<p style=\"text-align: justify;\">El rector de la UAGro anunci\u00f3 que gracias a las gestiones con el gobernador, H\u00e9ctor Astudillo Flores se tendr\u00e1 un aumento del 6% que ayudar\u00e1 a amortiguar el impacto del ISR a prestaciones labores; tambi\u00e9n anunci\u00f3 que fueron autorizados 55 millones de pesos para la construcci\u00f3n y remodelaci\u00f3n de edificios.<\/p>\n<p style=\"text-align: justify;\">\u201cNo evado ni descuido las actividades de la instituci\u00f3n, me estoy recuperando y an\u00edmicamente estoy al cien, pronto estar\u00e9 con ustedes, las circunstancias as\u00ed son\u201d, manifest\u00f3 el rector.<\/p>\n<p style=\"text-align: justify;\">Sobre el proceso electoral, el pleno determin\u00f3 que tal y como lo marca la Ley Universitaria, el 6 de abril concluir\u00e1 el periodo de Javier Salda\u00f1a Almaz\u00e1n y que se sesionar\u00e1 para nombrar a un rector interino por el periodo del 6 de abril a la toma de protesta del nuevo rector el 27 de septiembre.<\/p>\n<p style=\"text-align: justify;\">En otros asuntos, el m\u00e1ximo \u00f3rgano de gobierno aprob\u00f3 el calendario del pr\u00f3ximo semestre febrero-julio y ratific\u00f3 que las clases seguir\u00e1n siendo virtuales hasta que las autoridades sanitarias lo indiquen.<\/p>\n<p style=\"text-align: justify;\">Tambi\u00e9n aprob\u00f3 el Programa Operativo Anual (POA) de la Universidad Aut\u00f3noma de Guerrero del Ejercicio Fiscal 2020; se aprob\u00f3 el nombramiento de Javier Anaya Manzanares como Contralor General por el periodo 2021-2025 y un contrato entre la UAGro y la comunidad de Acamixtla, municipio de Taxco, donde se encuentra la Escuela Superior de Dise\u00f1o y Arquitectura para la donaci\u00f3n de un predio donde se construir\u00e1 un Sistema de Tratamiento de Aguas Residuales.<\/p>\n","protected":false},"excerpt":{"rendered":"<p>CHILPANCINGO. * 28 de enero de 2021. ] UAGro. El H. Consejo Universitario de la Universidad Aut\u00f3noma de Guerrero determin\u00f3 que no existen condiciones sanitarias para realizar elecciones internas por el agravamiento de la pandemia del Covid-19 en el estado, por lo cual el pleno decidi\u00f3 que no se expondr\u00e1 la salud de estudiantes menores&#8230;<\/p>\n","protected":false},"author":2,"featured_media":1220153,"comment_status":"closed","ping_status":"closed","sticky":false,"template":"","format":"standard","meta":{"footnotes":""},"categories":[18561,2016],"tags":[6505,7812,10644,17463],"class_list":["post-1220150","post","type-post","status-publish","format-standard","has-post-thumbnail","hentry","category-society-politics","category-uagro-society-politics","tag-consejo-universitario","tag-elecciones-uagro-2021","tag-javier-saldana-almazan","tag-uagro"],"_links":{"self":[{"href":"https:\/\/www.acapulcopress.com\/index.php\/wp-json\/wp\/v2\/posts\/1220150","targetHints":{"allow":["GET"]}}],"collection":[{"href":"https:\/\/www.acapulcopress.com\/index.php\/wp-json\/wp\/v2\/posts"}],"about":[{"href":"https:\/\/www.acapulcopress.com\/index.php\/wp-json\/wp\/v2\/types\/post"}],"author":[{"embeddable":true,"href":"https:\/\/www.acapulcopress.com\/index.php\/wp-json\/wp\/v2\/users\/2"}],"replies":[{"embeddable":true,"href":"https:\/\/www.acapulcopress.com\/index.php\/wp-json\/wp\/v2\/comments?post=1220150"}],"version-history":[{"count":0,"href":"https:\/\/www.acapulcopress.com\/index.php\/wp-json\/wp\/v2\/posts\/1220150\/revisions"}],"wp:featuredmedia":[{"embeddable":true,"href":"https:\/\/www.acapulcopress.com\/index.php\/wp-json\/"}],"wp:attachment":[{"href":"https:\/\/www.acapulcopress.com\/index.php\/wp-json\/wp\/v2\/media?parent=1220150"}],"wp:term":[{"taxonomy":"category","embeddable":true,"href":"https:\/\/www.acapulcopress.com\/index.php\/wp-json\/wp\/v2\/categories?post=1220150"},{"taxonomy":"post_tag","embeddable":true,"href":"https:\/\/www.acapulcopress.com\/index.php\/wp-json\/wp\/v2\/tags?post=1220150"}],"curies":[{"name":"wp","href":"https:\/\/api.w.org\/{rel}","templated":true}]}}