{"id":1220160,"date":"2021-01-28T23:08:48","date_gmt":"2021-01-29T05:08:48","guid":{"rendered":"https:\/\/www.acapulcopress.com\/?p=1220160"},"modified":"2021-01-28T23:08:48","modified_gmt":"2021-01-29T05:08:48","slug":"pronto-estare-con-ustedes-dice-via-telefonica-saldana-a-universitarios","status":"publish","type":"post","link":"https:\/\/www.acapulcopress.com\/index.php\/2021\/01\/28\/pronto-estare-con-ustedes-dice-via-telefonica-saldana-a-universitarios\/","title":{"rendered":"\u201cPronto estar\u00e9 con ustedes\u201d, dice Salda\u00f1a &#8211;v\u00eda telef\u00f3nica&#8211; a universitarios"},"content":{"rendered":"<p style=\"text-align: justify;\">CHILPANCINGO. * 28 de enero de 2021.<br \/>\n<em>] UAGro.<\/em><\/p>\n<p style=\"text-align: justify;\">El rector de la Universidad Aut\u00f3noma de Guerrero (UAGro), Javier Salda\u00f1a Almaz\u00e1n, reapareci\u00f3 en la sesi\u00f3n extraordinaria del Consejo Universitario y v\u00eda telef\u00f3nica envi\u00f3 un mensaje donde inform\u00f3 que lo peor de su enfermedad ya fue superado, que no ha dejado de trabajar y atender a distancia los asuntos prioritarios de la instituci\u00f3n.<\/p>\n<p style=\"text-align: justify;\">El rector de la m\u00e1xima casa de estudios se mostr\u00f3 animoso de hablar con la comunidad universitaria y afirm\u00f3 que ya se est\u00e1 recuperando \u201cy pronto estar\u00e9 con ustedes, muy pronto me reincorporar\u00e9 f\u00edsicamente, para estar tomando las decisiones que correspondan; vamos a sacar este proceso adelante\u201d.<\/p>\n<p style=\"text-align: justify;\">Y ratific\u00f3: \u201cYo no evado ni descuido las actividades de la instituci\u00f3n, me estoy recuperando y an\u00edmicamente estoy al cien, las circunstancias as\u00ed son, por prescripci\u00f3n m\u00e9dica sigo tomando terapias\u201d.<\/p>\n<p style=\"text-align: justify;\">Javier Salda\u00f1a Almaz\u00e1n anunci\u00f3 que gracias a las gestiones con el gobernador, H\u00e9ctor Astudillo Flores se tendr\u00e1 un aumento del 6% que ayudar\u00e1 a amortiguar el impacto del ISR a prestaciones labores; inform\u00f3 que fueron autorizados 55 millones de pesos para la construcci\u00f3n y remodelaci\u00f3n de edificios.<\/p>\n<p style=\"text-align: justify;\">Se\u00f1al\u00f3 que en los \u00faltimos d\u00edas habl\u00f3 con la responsable de la Tesorer\u00eda de la UAGro para que se paguen puntualmente todas las prestaciones y se hagan gestiones ante los gobiernos estatal y federal para que se otorgue un presupuesto adicional a la instituci\u00f3n.<\/p>\n<p style=\"text-align: justify;\">Finalmente, el rector de la UAGro agradeci\u00f3 las muestras de cari\u00f1o de los universitarios, dese\u00f3 salud a sus familias y llam\u00f3 a cuidarse ante el agravamiento de la pandemia.<\/p>\n<p><img loading=\"lazy\" decoding=\"async\" class=\"alignnone wp-image-1220151 \" src=\"https:\/\/www.acapulco.press\/wp-content\/uploads\/2021\/01\/consejo-universitario.jpg\" alt=\"\" width=\"824\" height=\"953\" \/><\/p>\n","protected":false},"excerpt":{"rendered":"<p>CHILPANCINGO. * 28 de enero de 2021. ] UAGro. El rector de la Universidad Aut\u00f3noma de Guerrero (UAGro), Javier Salda\u00f1a Almaz\u00e1n, reapareci\u00f3 en la sesi\u00f3n extraordinaria del Consejo Universitario y v\u00eda telef\u00f3nica envi\u00f3 un mensaje donde inform\u00f3 que lo peor de su enfermedad ya fue superado, que no ha dejado de trabajar y atender a&#8230;<\/p>\n","protected":false},"author":2,"featured_media":1220161,"comment_status":"closed","ping_status":"closed","sticky":false,"template":"","format":"standard","meta":{"footnotes":""},"categories":[18561,2016],"tags":[6508,10644,17610],"class_list":["post-1220160","post","type-post","status-publish","format-standard","has-post-thumbnail","hentry","category-society-politics","category-uagro-society-politics","tag-consejo-universitario-uagro","tag-javier-saldana-almazan","tag-universidad-autonoma-de-guerrero-uagro"],"_links":{"self":[{"href":"https:\/\/www.acapulcopress.com\/index.php\/wp-json\/wp\/v2\/posts\/1220160","targetHints":{"allow":["GET"]}}],"collection":[{"href":"https:\/\/www.acapulcopress.com\/index.php\/wp-json\/wp\/v2\/posts"}],"about":[{"href":"https:\/\/www.acapulcopress.com\/index.php\/wp-json\/wp\/v2\/types\/post"}],"author":[{"embeddable":true,"href":"https:\/\/www.acapulcopress.com\/index.php\/wp-json\/wp\/v2\/users\/2"}],"replies":[{"embeddable":true,"href":"https:\/\/www.acapulcopress.com\/index.php\/wp-json\/wp\/v2\/comments?post=1220160"}],"version-history":[{"count":0,"href":"https:\/\/www.acapulcopress.com\/index.php\/wp-json\/wp\/v2\/posts\/1220160\/revisions"}],"wp:featuredmedia":[{"embeddable":true,"href":"https:\/\/www.acapulcopress.com\/index.php\/wp-json\/"}],"wp:attachment":[{"href":"https:\/\/www.acapulcopress.com\/index.php\/wp-json\/wp\/v2\/media?parent=1220160"}],"wp:term":[{"taxonomy":"category","embeddable":true,"href":"https:\/\/www.acapulcopress.com\/index.php\/wp-json\/wp\/v2\/categories?post=1220160"},{"taxonomy":"post_tag","embeddable":true,"href":"https:\/\/www.acapulcopress.com\/index.php\/wp-json\/wp\/v2\/tags?post=1220160"}],"curies":[{"name":"wp","href":"https:\/\/api.w.org\/{rel}","templated":true}]}}