{"id":1220171,"date":"2021-01-27T23:56:37","date_gmt":"2021-01-28T05:56:37","guid":{"rendered":"https:\/\/www.acapulcopress.com\/?p=1220171"},"modified":"2021-01-27T23:56:37","modified_gmt":"2021-01-28T05:56:37","slug":"uagro-se-suma-al-programa-nacional-de-vacunacion-contra-el-covid19","status":"publish","type":"post","link":"https:\/\/www.acapulcopress.com\/index.php\/2021\/01\/27\/uagro-se-suma-al-programa-nacional-de-vacunacion-contra-el-covid19\/","title":{"rendered":"UAGro se suma al programa nacional de vacunaci\u00f3n contra el Covid19"},"content":{"rendered":"<p style=\"text-align: justify;\">CHILPANCINGO. * 27 de enero de 2021.<br \/>\n] UAGro.<\/p>\n<p style=\"text-align: justify;\">La Comisi\u00f3n de Salud de la Universidad Aut\u00f3noma de Guerrero anunci\u00f3 que la instituci\u00f3n participar\u00e1 en el Programa Nacional de Vacunaci\u00f3n contra el Covid-19 que encabeza el Gobierno de M\u00e9xico en los estados del pa\u00eds.<\/p>\n<p style=\"text-align: justify;\">La UAGro se une al llamado de la Secretar\u00eda de Educaci\u00f3n P\u00fablica (SEP) y la Asociaci\u00f3n Nacional de Universidades e Instituciones de Educaci\u00f3n Superior (ANUIES) para que las universidades aporten su conocimiento, infraestructura, equipo especializado y capital humano voluntario en las brigadas de vacunaci\u00f3n.<\/p>\n<p style=\"text-align: justify;\">Ayer, los integrantes de la Comisi\u00f3n de Salud de la UAGro participaron en una reuni\u00f3n virtual con el Subsecretario de Educaci\u00f3n Superior, Luciano Concheiro B\u00f3rquez y el Secretario Ejecutivo de la ANUIES Jaime Valls Esponda para definir la estrategia operativa.<\/p>\n<p style=\"text-align: justify;\">A trav\u00e9s de un comunicado, la m\u00e1xima casa de estudios inform\u00f3 que facilitar\u00e1 \u00e1reas f\u00edsicas de acuerdo a los requerimientos solicitados, para la capacitaci\u00f3n de brigadistas e instalaci\u00f3n de centros de vacunaci\u00f3n.<\/p>\n<p style=\"text-align: justify;\">Tambi\u00e9n pondr\u00e1 a disposici\u00f3n cinco ultracongeladores para almacenamiento y conservaci\u00f3n de las vacunas, uno de ellos ya fue prestado a la Secretar\u00eda de Salud Guerrero; as\u00ed como la participaci\u00f3n voluntaria de los estudiantes del \u00e1rea de la salud en las brigadas de vacunaci\u00f3n.<\/p>\n<p style=\"text-align: justify;\">La Comisi\u00f3n de Salud puntualiz\u00f3 que para estas actividades, la UAGro estar\u00e1 en coordinaci\u00f3n permanente con las autoridades de salud y educaci\u00f3n tanto federal como estatal e informar\u00e1 la estrategia que se est\u00e1 realizando al H. Consejo Universitario en la pr\u00f3xima sesi\u00f3n para su consideraci\u00f3n y en su acaso la aprobaci\u00f3n correspondiente.<\/p>\n","protected":false},"excerpt":{"rendered":"<p>CHILPANCINGO. * 27 de enero de 2021. ] UAGro. La Comisi\u00f3n de Salud de la Universidad Aut\u00f3noma de Guerrero anunci\u00f3 que la instituci\u00f3n participar\u00e1 en el Programa Nacional de Vacunaci\u00f3n contra el Covid-19 que encabeza el Gobierno de M\u00e9xico en los estados del pa\u00eds. La UAGro se une al llamado de la Secretar\u00eda de Educaci\u00f3n&#8230;<\/p>\n","protected":false},"author":2,"featured_media":1220172,"comment_status":"closed","ping_status":"closed","sticky":false,"template":"","format":"standard","meta":{"footnotes":""},"categories":[18561,2016],"tags":[6705,15056,17463],"class_list":["post-1220171","post","type-post","status-publish","format-standard","has-post-thumbnail","hentry","category-society-politics","category-uagro-society-politics","tag-covid19","tag-programa-nacional-de-vacunacion-contra-el-covid19","tag-uagro"],"_links":{"self":[{"href":"https:\/\/www.acapulcopress.com\/index.php\/wp-json\/wp\/v2\/posts\/1220171","targetHints":{"allow":["GET"]}}],"collection":[{"href":"https:\/\/www.acapulcopress.com\/index.php\/wp-json\/wp\/v2\/posts"}],"about":[{"href":"https:\/\/www.acapulcopress.com\/index.php\/wp-json\/wp\/v2\/types\/post"}],"author":[{"embeddable":true,"href":"https:\/\/www.acapulcopress.com\/index.php\/wp-json\/wp\/v2\/users\/2"}],"replies":[{"embeddable":true,"href":"https:\/\/www.acapulcopress.com\/index.php\/wp-json\/wp\/v2\/comments?post=1220171"}],"version-history":[{"count":0,"href":"https:\/\/www.acapulcopress.com\/index.php\/wp-json\/wp\/v2\/posts\/1220171\/revisions"}],"wp:featuredmedia":[{"embeddable":true,"href":"https:\/\/www.acapulcopress.com\/index.php\/wp-json\/"}],"wp:attachment":[{"href":"https:\/\/www.acapulcopress.com\/index.php\/wp-json\/wp\/v2\/media?parent=1220171"}],"wp:term":[{"taxonomy":"category","embeddable":true,"href":"https:\/\/www.acapulcopress.com\/index.php\/wp-json\/wp\/v2\/categories?post=1220171"},{"taxonomy":"post_tag","embeddable":true,"href":"https:\/\/www.acapulcopress.com\/index.php\/wp-json\/wp\/v2\/tags?post=1220171"}],"curies":[{"name":"wp","href":"https:\/\/api.w.org\/{rel}","templated":true}]}}