{"id":1220184,"date":"2021-01-29T13:10:28","date_gmt":"2021-01-29T19:10:28","guid":{"rendered":"https:\/\/www.acapulcopress.com\/?p=1220184"},"modified":"2021-01-29T13:10:28","modified_gmt":"2021-01-29T19:10:28","slug":"por-crisis-humanitaria-piden-cese-de-gatell","status":"publish","type":"post","link":"https:\/\/www.acapulcopress.com\/index.php\/2021\/01\/29\/por-crisis-humanitaria-piden-cese-de-gatell\/","title":{"rendered":"Gatell, peligro para la salud nacional | PRD"},"content":{"rendered":"<p style=\"text-align: justify;\">CIUDAD DE M\u00c9XICO. * 29 de enero de 2021.<br \/>\n<em>] PRD.<\/em><\/p>\n<p style=\"text-align: justify;\">Ante la crisis humanitaria que atraviesa M\u00e9xico por el aumento de muertes por Covid19, superando ya los 155 mil decesos y un mill\u00f3n 825 mil 519 de casos confirmados, lo que nos coloca como el tercer pa\u00eds con mayor letalidad frente al virus superando a India, el Presidente Nacional del Partido de la Revoluci\u00f3n Democr\u00e1tica (PRD), Jes\u00fas Zambrano Grijalva, recalc\u00f3 que la renuncia del Subsecretario de Prevenci\u00f3n y Promoci\u00f3n de la Salud, Hugo L\u00f3pez-Gatell, debe darse de inmediato.<\/p>\n<p style=\"text-align: justify;\">\u201cCon 155 mil 145 muertes, M\u00e9xico se convierte en el tercer pa\u00eds con m\u00e1s decesos en el mundo, superando a India, cuya poblaci\u00f3n es 10 veces mayor. L\u00f3pez Obrador no puede seguir negando y ocultando el fracaso de su estrategia. El incompetente de L\u00f3pez-Gatell debe renunciar\u201d, se\u00f1al\u00f3.<\/p>\n<p style=\"text-align: justify;\">Es claro que la estrategia y el plan de vacunaci\u00f3n ha resultado un rotundo fracaso y funcionarios federales se empe\u00f1an en continuar por la misma ruta. No les importa que el n\u00famero de muertes y contagios en el pa\u00eds vayan en aumento porque su prioridad es electoral, su meta es mentir para intentar ganar las elecciones, \u201cya nos hemos enterado de todas las triqui\u00f1uelas que pretenden ejecutar, en lugar de ponerse a trabajar y asumir responsabilidades\u201d.<\/p>\n<p style=\"text-align: justify;\">De acuerdo con expertos en salud y estad\u00edstica, la prioridad deben ser las zonas con m\u00e1s altos \u00edndices de contagios; es decir, las ciudades. Sin embargo, dijo Zambrano Grijalva, \u201clas brigadas\u201d en realidad son un ej\u00e9rcito electoral que promocionan el ant\u00edgeno y adem\u00e1s, por medio de llamada telef\u00f3nica, cuestionan a las personas mayores respecto a si quieren o no aplicarse la vacuna. Eso es a todas luces politiquer\u00eda barata, es un abuso y es usar la vacuna con fines electorales. La aplicaci\u00f3n de la vacuna debe estar en manos de personal m\u00e9dico y no en servidores de la naci\u00f3n.<\/p>\n<p style=\"text-align: justify;\">Hoy, dijo el l\u00edder perredista, amanecimos con la noticia de que 14 estados han regresado a sem\u00e1foro rojo y la aplicaci\u00f3n de la vacuna sigue siendo lenta, insuficiente y tramposa. Por si fuera poco, no hay transparencia en la compra: exigimos saber cu\u00e1ntas se han comprado, el origen y conocer previamente el resultado de los ensayos, porque es incongruente y absurdo adquirir 24 millones de dosis de una vacuna que seg\u00fan los funcionarios dicen \u201ces barata\u201d y cuyos resultados de la fase tres de ensayos cl\u00ednicos est\u00e1n por publicarse. \u201cEsto es poner en riesgo a la poblaci\u00f3n o es otra m\u00e1s de sus mentiras y quieren probar la efectividad con las y los mexicanos\u201d.<\/p>\n<p style=\"text-align: justify;\">\u201c\u00a1Fuera m\u00e1scaras! Vamos a seguir insistiendo en que la campa\u00f1a de vacunaci\u00f3n salga del \u00e1mbito electoral y se maneje como un asunto de Estado, un asunto de Seguridad Nacional. La OMS exhort\u00f3 a M\u00e9xico a no levantar la cuarentena porque los contagios siguen, pero en el pa\u00eds no hay un plan ni estrategias para hacer frente a la crisis, por ello no quitaremos el dedo regl\u00f3n en exigir la renuncia de L\u00f3pez-Gatell. Las y los mexicanos no merecen funcionarios incompetentes e irresponsables\u201d, concret\u00f3 Jes\u00fas Zambrano.<\/p>\n","protected":false},"excerpt":{"rendered":"<p>CIUDAD DE M\u00c9XICO. * 29 de enero de 2021. ] PRD. Ante la crisis humanitaria que atraviesa M\u00e9xico por el aumento de muertes por Covid19, superando ya los 155 mil decesos y un mill\u00f3n 825 mil 519 de casos confirmados, lo que nos coloca como el tercer pa\u00eds con mayor letalidad frente al virus superando&#8230;<\/p>\n","protected":false},"author":2,"featured_media":1220186,"comment_status":"closed","ping_status":"closed","sticky":false,"template":"","format":"standard","meta":{"footnotes":""},"categories":[1972,18574,1997],"tags":[6705,6749,8202,9941,14277,16901],"class_list":["post-1220184","post","type-post","status-publish","format-standard","has-post-thumbnail","hentry","category-special","category-gobierno-la-foto","category-noticias-destacadas","tag-covid19","tag-crisis-humanitaria-mexico","tag-esus-zambrano-grijalva","tag-hugo-lopez-gatell","tag-partido-de-la-revolucion-democratica-prd","tag-subsecretaria-de-prevencion-y-promocion-de-la-salud"],"_links":{"self":[{"href":"https:\/\/www.acapulcopress.com\/index.php\/wp-json\/wp\/v2\/posts\/1220184","targetHints":{"allow":["GET"]}}],"collection":[{"href":"https:\/\/www.acapulcopress.com\/index.php\/wp-json\/wp\/v2\/posts"}],"about":[{"href":"https:\/\/www.acapulcopress.com\/index.php\/wp-json\/wp\/v2\/types\/post"}],"author":[{"embeddable":true,"href":"https:\/\/www.acapulcopress.com\/index.php\/wp-json\/wp\/v2\/users\/2"}],"replies":[{"embeddable":true,"href":"https:\/\/www.acapulcopress.com\/index.php\/wp-json\/wp\/v2\/comments?post=1220184"}],"version-history":[{"count":0,"href":"https:\/\/www.acapulcopress.com\/index.php\/wp-json\/wp\/v2\/posts\/1220184\/revisions"}],"wp:featuredmedia":[{"embeddable":true,"href":"https:\/\/www.acapulcopress.com\/index.php\/wp-json\/"}],"wp:attachment":[{"href":"https:\/\/www.acapulcopress.com\/index.php\/wp-json\/wp\/v2\/media?parent=1220184"}],"wp:term":[{"taxonomy":"category","embeddable":true,"href":"https:\/\/www.acapulcopress.com\/index.php\/wp-json\/wp\/v2\/categories?post=1220184"},{"taxonomy":"post_tag","embeddable":true,"href":"https:\/\/www.acapulcopress.com\/index.php\/wp-json\/wp\/v2\/tags?post=1220184"}],"curies":[{"name":"wp","href":"https:\/\/api.w.org\/{rel}","templated":true}]}}