{"id":1220229,"date":"2021-01-29T16:29:17","date_gmt":"2021-01-29T22:29:17","guid":{"rendered":"https:\/\/www.acapulcopress.com\/?p=1220229"},"modified":"2021-01-29T16:29:17","modified_gmt":"2021-01-29T22:29:17","slug":"pide-oms-no-incurrir-en-el-error-moral-de-dejar-a-los-pobres-sin-vacunas","status":"publish","type":"post","link":"https:\/\/www.acapulcopress.com\/index.php\/2021\/01\/29\/pide-oms-no-incurrir-en-el-error-moral-de-dejar-a-los-pobres-sin-vacunas\/","title":{"rendered":"Pide OMS no incurrir en el \u00aberror moral\u00bb de dejar a los pobres sin vacunas"},"content":{"rendered":"<p style=\"text-align: justify;\">GINEBRA. * 29 de enero de 2021.<br \/>\n<em>] <a href=\"https:\/\/www.telam.com.ar\/notas\/202101\/543023-oms-coronavirus-vacunacion.html\" target=\"_blank\" rel=\"noopener\">T\u00e9lam<\/a>.<\/em><\/p>\n<p style=\"text-align: justify;\">El director general de la Organizaci\u00f3n Mundial de la Salud (OMS), Tedros Adhanom Ghebreyesus, pidi\u00f3 que no se repitan con la pandemia de coronavirus los \u00aberrores morales del pasado\u00bb y se deje a los pa\u00edses pobres a la espera de que los ricos vacunen a sus poblaciones.<\/p>\n<p style=\"text-align: justify;\">\u00abSi guardamos las vacunas para nosotros, y si no las compartimos, habr\u00e1 tres problemas principales: uno, un fracaso moral catastr\u00f3fico; dos, eso permitir\u00e1 a la pandemia continuar causando estragos; y tres, una recuperaci\u00f3n econ\u00f3mica muy lenta\u00bb, advirti\u00f3 Tedros.<\/p>\n<p style=\"text-align: justify;\">\u00abAs\u00ed que es un error moral, no ayudar\u00e1 a detener la pandemia y no devolver\u00e1 los medios para ganarse la vida. \u00bfEso es lo que queremos? \u00a1Depende de nosotros!\u00bb , lanz\u00f3 el director general de la OMS en rueda de prensa.<\/p>\n<p style=\"text-align: justify;\">El titular de la OMS record\u00f3 que los pa\u00edses desfavorecidos necesitaron \u00ab10 a\u00f1os\u00bb para tener acceso a los medicamentos contra el VIH y, para la epidemia de H1N1, los m\u00e1s pobres tuvieron acceso a la vacuna \u00abpero despu\u00e9s de que la epidemia hab\u00eda terminado\u00bb.<\/p>\n<p style=\"text-align: justify;\">Advirti\u00f3 nuevamente contra el nacionalismo en el suministro de las vacunas y explic\u00f3 que hoy el mundo \u00abes una aldea global\u00bb, al punto de que hasta que las vacunas no hayan permitido contener la pandemia en todas partes, nadie estar\u00e1 seguro.<\/p>\n<p style=\"text-align: justify;\">Las declaraciones del jefe de la OMS se producen en un contexto de escasez de algunas de las vacunas m\u00e1s eficaces en el mercado, para disgusto de los pa\u00edses ricos, que han tenido que frenar o incluso suspender sus campa\u00f1as de vacunaci\u00f3n, provocando el malestar de la poblaci\u00f3n.<\/p>\n<p style=\"text-align: justify;\">Bajo fuerte presi\u00f3n, la Uni\u00f3n Europea anunci\u00f3 este viernes la adopci\u00f3n de un mecanismo de control de la exportaci\u00f3n fuera de su zona de vacunas contra la Covid-19 producidas en su territorio, para impedir la salida de dosis destinadas a los europeos.<\/p>\n<p style=\"text-align: justify;\">Esa decisi\u00f3n fue criticada por la OMS. \u00abEs una tendencia muy inquietante\u00bb, denunci\u00f3 la doctora Mariangela Simao, subdirectora general de la OMS encargada del acceso a los medicamentos y productos de salud.<\/p>\n","protected":false},"excerpt":{"rendered":"<p>GINEBRA. * 29 de enero de 2021. ] T\u00e9lam. El director general de la Organizaci\u00f3n Mundial de la Salud (OMS), Tedros Adhanom Ghebreyesus, pidi\u00f3 que no se repitan con la pandemia de coronavirus los \u00aberrores morales del pasado\u00bb y se deje a los pa\u00edses pobres a la espera de que los ricos vacunen a sus&#8230;<\/p>\n","protected":false},"author":2,"featured_media":1220230,"comment_status":"closed","ping_status":"closed","sticky":false,"template":"","format":"standard","meta":{"footnotes":""},"categories":[1969],"tags":[14033,17025,17743],"class_list":["post-1220229","post","type-post","status-publish","format-standard","has-post-thumbnail","hentry","category-trending","tag-organizacion-mundial-de-la-salud-oms","tag-tedros-adhanom-ghebreyesus","tag-vacunas-covid"],"_links":{"self":[{"href":"https:\/\/www.acapulcopress.com\/index.php\/wp-json\/wp\/v2\/posts\/1220229","targetHints":{"allow":["GET"]}}],"collection":[{"href":"https:\/\/www.acapulcopress.com\/index.php\/wp-json\/wp\/v2\/posts"}],"about":[{"href":"https:\/\/www.acapulcopress.com\/index.php\/wp-json\/wp\/v2\/types\/post"}],"author":[{"embeddable":true,"href":"https:\/\/www.acapulcopress.com\/index.php\/wp-json\/wp\/v2\/users\/2"}],"replies":[{"embeddable":true,"href":"https:\/\/www.acapulcopress.com\/index.php\/wp-json\/wp\/v2\/comments?post=1220229"}],"version-history":[{"count":0,"href":"https:\/\/www.acapulcopress.com\/index.php\/wp-json\/wp\/v2\/posts\/1220229\/revisions"}],"wp:featuredmedia":[{"embeddable":true,"href":"https:\/\/www.acapulcopress.com\/index.php\/wp-json\/"}],"wp:attachment":[{"href":"https:\/\/www.acapulcopress.com\/index.php\/wp-json\/wp\/v2\/media?parent=1220229"}],"wp:term":[{"taxonomy":"category","embeddable":true,"href":"https:\/\/www.acapulcopress.com\/index.php\/wp-json\/wp\/v2\/categories?post=1220229"},{"taxonomy":"post_tag","embeddable":true,"href":"https:\/\/www.acapulcopress.com\/index.php\/wp-json\/wp\/v2\/tags?post=1220229"}],"curies":[{"name":"wp","href":"https:\/\/api.w.org\/{rel}","templated":true}]}}