{"id":1220236,"date":"2021-01-29T16:52:35","date_gmt":"2021-01-29T22:52:35","guid":{"rendered":"https:\/\/www.acapulcopress.com\/?p=1220236"},"modified":"2021-01-29T16:52:35","modified_gmt":"2021-01-29T22:52:35","slug":"recibe-guerrero-donacion-de-ventiladores-para-hospitales-comunitarios","status":"publish","type":"post","link":"https:\/\/www.acapulcopress.com\/index.php\/2021\/01\/29\/recibe-guerrero-donacion-de-ventiladores-para-hospitales-comunitarios\/","title":{"rendered":"Recibe Guerrero donaci\u00f3n de ventiladores para hospitales comunitarios"},"content":{"rendered":"<p style=\"text-align: justify;\">ACAPULCO. * 29 de enero de 2021.<br \/>\n<em>] Gobierno de Guerrero.<\/em><\/p>\n<p style=\"text-align: justify;\">El gobernador H\u00e9ctor Astudillo Flores, recibi\u00f3 para Guerrero la donaci\u00f3n de 24 ventiladores no invasivos los cuales no requieren intubar al paciente, para hospitales comunitarios por parte de la Secretar\u00eda de Relaciones Exteriores del <img loading=\"lazy\" decoding=\"async\" class=\"alignleft size-medium wp-image-1220239\" src=\"https:\/\/www.acapulco.press\/wp-content\/uploads\/2021\/01\/HAF-VENTILADORES2-375x250.jpg\" alt=\"\" width=\"375\" height=\"250\" \/>Gobierno de M\u00e9xico en coordinaci\u00f3n con la Fundaci\u00f3n Mexicana para la Salud, con el prop\u00f3sito de mejorar el estado de salud de los pacientes afectados por el COVID-19 por la p\u00e9rdida de oxigenaci\u00f3n.<\/p>\n<p style=\"text-align: justify;\">\u00abQuiero agradecer de manera muy enf\u00e1tica, ampl\u00eda, este acto de solidaridad que la Secretar\u00eda de Relaciones Exteriores hace para con el pueblo de Guerrero. Estamos viviendo un tiempo enormemente complejo y por su puesto que la solidaridad es bienvenida y muy reconocida\u00bb, expres\u00f3 Astudillo Flores.<\/p>\n<p style=\"text-align: justify;\"><img loading=\"lazy\" decoding=\"async\" class=\"alignleft size-medium wp-image-1220241\" src=\"https:\/\/www.acapulco.press\/wp-content\/uploads\/2021\/01\/HAF-VENTILADORES4-375x250.jpg\" alt=\"\" width=\"375\" height=\"250\" \/>Acompa\u00f1ado por el Almirante Francisco Limas L\u00f3pez en las instalaciones de la Octava Regi\u00f3n Naval en Acapulco donde tambi\u00e9n estuvo presente el Comandante de la Novena Regi\u00f3n Militar, Eufemio Ibarra Flores, el Gobernador Astudillo, recibi\u00f3 de manera simb\u00f3lica un total de 24 ventiladores por parte del Director Jur\u00eddico de la Secretar\u00eda de Relaciones Exteriores, C\u00e9sar Garc\u00eda Mondrag\u00f3n.<\/p>\n<p style=\"text-align: justify;\">Por su parte, el Secretario de Salud, Carlos de la Pe\u00f1a Pintos, inform\u00f3 que los aparatos son distribuidos a los hospitales comunitarios de Zumpango, Tecpan, Coyuca de Ben\u00edtez, Petatl\u00e1n, San Luis Acatl\u00e1n , San Marcos, Arcelia, Teloloapan, Quechultenango, Tlacotepec, Tixtla, Alcozauca, Olinal\u00e1, Huamuxtitl\u00e1n, Xochihuehuetl\u00e1n, Xochistlahuaca, Copala y Cuajinicuilapa.<\/p>\n<p style=\"text-align: justify;\">Estuvieron presentes la alcaldesa de Acapulco, Adela Rom\u00e1n Ocampo, el Secretario de Finanzas y Administraci\u00f3n, Tulio P\u00e9rez Calvo, el Jefe de la Oficina del Gobernador, Alejandro Bravo Abarca, as\u00ed como los directivos de hospitales comunitarios beneficiados por este equipamiento m\u00e9dico.<\/p>\n","protected":false},"excerpt":{"rendered":"<p>ACAPULCO. * 29 de enero de 2021. ] Gobierno de Guerrero. El gobernador H\u00e9ctor Astudillo Flores, recibi\u00f3 para Guerrero la donaci\u00f3n de 24 ventiladores no invasivos los cuales no requieren intubar al paciente, para hospitales comunitarios por parte de la Secretar\u00eda de Relaciones Exteriores del Gobierno de M\u00e9xico en coordinaci\u00f3n con la Fundaci\u00f3n Mexicana para&#8230;<\/p>\n","protected":false},"author":2,"featured_media":1220240,"comment_status":"closed","ping_status":"closed","sticky":false,"template":"","format":"standard","meta":{"footnotes":""},"categories":[1972,18573,18574,1983],"tags":[6705,9021,9302,9705,12964,16421],"class_list":["post-1220236","post","type-post","status-publish","format-standard","has-post-thumbnail","hentry","category-special","category-goverment","category-gobierno-la-foto","category-guerrerogob","tag-covid19","tag-fundacion-mexicana-para-la-salud","tag-gobierno-de-guerrero","tag-hector-astudillo-flores","tag-mesa-de-coordinacion-para-la-construccion-de-la-paz","tag-semaforo-de-riesgo-covid19"],"_links":{"self":[{"href":"https:\/\/www.acapulcopress.com\/index.php\/wp-json\/wp\/v2\/posts\/1220236","targetHints":{"allow":["GET"]}}],"collection":[{"href":"https:\/\/www.acapulcopress.com\/index.php\/wp-json\/wp\/v2\/posts"}],"about":[{"href":"https:\/\/www.acapulcopress.com\/index.php\/wp-json\/wp\/v2\/types\/post"}],"author":[{"embeddable":true,"href":"https:\/\/www.acapulcopress.com\/index.php\/wp-json\/wp\/v2\/users\/2"}],"replies":[{"embeddable":true,"href":"https:\/\/www.acapulcopress.com\/index.php\/wp-json\/wp\/v2\/comments?post=1220236"}],"version-history":[{"count":0,"href":"https:\/\/www.acapulcopress.com\/index.php\/wp-json\/wp\/v2\/posts\/1220236\/revisions"}],"wp:featuredmedia":[{"embeddable":true,"href":"https:\/\/www.acapulcopress.com\/index.php\/wp-json\/"}],"wp:attachment":[{"href":"https:\/\/www.acapulcopress.com\/index.php\/wp-json\/wp\/v2\/media?parent=1220236"}],"wp:term":[{"taxonomy":"category","embeddable":true,"href":"https:\/\/www.acapulcopress.com\/index.php\/wp-json\/wp\/v2\/categories?post=1220236"},{"taxonomy":"post_tag","embeddable":true,"href":"https:\/\/www.acapulcopress.com\/index.php\/wp-json\/wp\/v2\/tags?post=1220236"}],"curies":[{"name":"wp","href":"https:\/\/api.w.org\/{rel}","templated":true}]}}