{"id":1220283,"date":"2021-01-29T23:44:53","date_gmt":"2021-01-30T05:44:53","guid":{"rendered":"https:\/\/www.acapulcopress.com\/?p=1220283"},"modified":"2021-01-29T23:44:53","modified_gmt":"2021-01-30T05:44:53","slug":"morena-guerrero-retiene-a-felix-como-su-virtual-candidato-al-gobierno-de-guerrero","status":"publish","type":"post","link":"https:\/\/www.acapulcopress.com\/index.php\/2021\/01\/29\/morena-guerrero-retiene-a-felix-como-su-virtual-candidato-al-gobierno-de-guerrero\/","title":{"rendered":"Morena Guerrero retiene a F\u00e9lix como su virtual candidato al Gobierno de Guerrero"},"content":{"rendered":"<p style=\"text-align: justify;\"><em>* \u00abNo hay plan B\u00bb, aclara el dirigente estatal del partido, Marcial Rodr\u00edguez Salda\u00f1a.<\/em><br \/>\n<strong><em>* \u00abEs temporada electoral\u00bb, replica el dirigente de Morena Guerrero, \u00abpor ello suelen surgir este tipo de acusaciones y descalificaciones\u00bb, dice, en franca alusi\u00f3n a los se\u00f1alamientos contra F\u00e9lix.<\/em><\/strong><\/p>\n<p>CHILPANCINGO . * 29 de enero de 2021.<br \/>\n<em>] Comunicado.<\/em><\/p>\n<p style=\"text-align: justify;\">El secretario general en funciones de presidente estatal de Morena, Marcial Rodr\u00edguez Salda\u00f1a, aclar\u00f3 que no se contempla retirarle a F\u00e9lix Salgado Macedonio la candidatura a gobernador.<\/p>\n<p style=\"text-align: justify;\">En entrevista, desminti\u00f3 que se le vaya a quitar la candidatura a Salgado, debido a las denuncias de presunto abuso sexual que se han presentado en su contra y se han ventilado en medios de comunicaci\u00f3n.<\/p>\n<p style=\"text-align: justify;\">El dirigente estatal morenista subray\u00f3 que \u00abes temporada electoral\u00bb y por ello suelen surgir este tipo de acusaciones y descalificaciones.<\/p>\n<p style=\"text-align: justify;\">Se le pregunt\u00f3 sobre la investigaci\u00f3n de oficio que realiza la Comisi\u00f3n Nacional de Honestidad y Justicia de Morena, la cual recoge las notas period\u00edsticas que se han publicado contra Salgado Macedonio.<\/p>\n<p style=\"text-align: justify;\">\u00abLo que diga un medio (de comunicaci\u00f3n) no quiere decir que sea verdad\u00bb, apunt\u00f3 Rodr\u00edguez Salda\u00f1a.<\/p>\n<p style=\"text-align: justify;\">Record\u00f3 que al inicio de la pandemia de Covid-19, un periodista public\u00f3 sobre la muerte de un empresario debido al coronavirus, situaci\u00f3n que result\u00f3 falsa.<\/p>\n<p style=\"text-align: justify;\">\u00abNo todo lo que dice una nota period\u00edstica es verdad, aqu\u00ed los \u00fanicos que deben resolver esto son los jueces; hasta que haya una sentencia ejecutoriada ya se puede decir que una persona es responsable de tal o cual hecho\u00bb, sentenci\u00f3.<\/p>\n<p style=\"text-align: justify;\">El dirigente estatal de Morena tambi\u00e9n fue cuestionado sobre la posibilidad de postular a la petista Beatriz Mojica Morga como candidata a gobernadora, en lugar de F\u00e9lix Salgado Macedonio.<br \/>\n\u00abNo, no est\u00e1 contemplado ese escenario, hay una decisi\u00f3n tomada por el pueblo de Guerrero en la encuesta y nosotros vamos a respetar esa decisi\u00f3n, no hay ning\u00fan plan b, ni c, ni z\u00bb, precis\u00f3 Rodr\u00edguez.<\/p>\n<p style=\"text-align: justify;\">Asimismo, anunci\u00f3 que el domingo sesionar\u00e1 en Chilpancingo el Consejo Estatal de Morena, donde se ratificar\u00e1 a Salgado como candidato a gobernador.<\/p>\n<p style=\"text-align: justify;\">Tambi\u00e9n se tratar\u00e1 la alianza con el Partido del Trabajo (PT) y el Verde Ecologista de M\u00e9xico (PVEM) para la contienda por la gubernatura.<\/p>\n<p style=\"text-align: justify;\">El registro oficial de Salgado Macedonio se realizar\u00e1 el 15 de febrero en las oficinas del Instituto Electoral y de Participaci\u00f3n Ciudadana (IEPC).<\/p>\n","protected":false},"excerpt":{"rendered":"<p>* \u00abNo hay plan B\u00bb, aclara el dirigente estatal del partido, Marcial Rodr\u00edguez Salda\u00f1a. * \u00abEs temporada electoral\u00bb, replica el dirigente de Morena Guerrero, \u00abpor ello suelen surgir este tipo de acusaciones y descalificaciones\u00bb, dice, en franca alusi\u00f3n a los se\u00f1alamientos contra F\u00e9lix. CHILPANCINGO . * 29 de enero de 2021. ] Comunicado. El secretario&#8230;<\/p>\n","protected":false},"author":2,"featured_media":1220284,"comment_status":"closed","ping_status":"closed","sticky":false,"template":"","format":"standard","meta":{"footnotes":""},"categories":[2024,18561],"tags":[12457,13305],"class_list":["post-1220283","post","type-post","status-publish","format-standard","has-post-thumbnail","hentry","category-politica-activism","category-society-politics","tag-marcial-rodriguez-saldana","tag-morena-guerrero"],"_links":{"self":[{"href":"https:\/\/www.acapulcopress.com\/index.php\/wp-json\/wp\/v2\/posts\/1220283","targetHints":{"allow":["GET"]}}],"collection":[{"href":"https:\/\/www.acapulcopress.com\/index.php\/wp-json\/wp\/v2\/posts"}],"about":[{"href":"https:\/\/www.acapulcopress.com\/index.php\/wp-json\/wp\/v2\/types\/post"}],"author":[{"embeddable":true,"href":"https:\/\/www.acapulcopress.com\/index.php\/wp-json\/wp\/v2\/users\/2"}],"replies":[{"embeddable":true,"href":"https:\/\/www.acapulcopress.com\/index.php\/wp-json\/wp\/v2\/comments?post=1220283"}],"version-history":[{"count":0,"href":"https:\/\/www.acapulcopress.com\/index.php\/wp-json\/wp\/v2\/posts\/1220283\/revisions"}],"wp:featuredmedia":[{"embeddable":true,"href":"https:\/\/www.acapulcopress.com\/index.php\/wp-json\/"}],"wp:attachment":[{"href":"https:\/\/www.acapulcopress.com\/index.php\/wp-json\/wp\/v2\/media?parent=1220283"}],"wp:term":[{"taxonomy":"category","embeddable":true,"href":"https:\/\/www.acapulcopress.com\/index.php\/wp-json\/wp\/v2\/categories?post=1220283"},{"taxonomy":"post_tag","embeddable":true,"href":"https:\/\/www.acapulcopress.com\/index.php\/wp-json\/wp\/v2\/tags?post=1220283"}],"curies":[{"name":"wp","href":"https:\/\/api.w.org\/{rel}","templated":true}]}}