{"id":1220317,"date":"2021-01-31T17:11:15","date_gmt":"2021-01-31T23:11:15","guid":{"rendered":"https:\/\/www.acapulcopress.com\/?p=1220317"},"modified":"2021-01-31T17:11:15","modified_gmt":"2021-01-31T23:11:15","slug":"compito-para-ganar-y-tengo-fe-en-que-voy-a-ser-gobernador-mario-moreno","status":"publish","type":"post","link":"https:\/\/www.acapulcopress.com\/index.php\/2021\/01\/31\/compito-para-ganar-y-tengo-fe-en-que-voy-a-ser-gobernador-mario-moreno\/","title":{"rendered":"Compito para ganar y tengo fe en que voy a ser Gobernador | Mario Moreno"},"content":{"rendered":"<p style=\"text-align: justify;\"><strong>\u00bb \u00c1ngel Blanco.<\/strong><br \/>\nACAPULCO. * 31 de enero de 2021.<br \/>\n<em>] Acapulco Press.<\/em><\/p>\n<p style=\"text-align: justify;\">\u00abCuando compito lo hago para ganar, no para ver si gano; en esta elecci\u00f3n estoy compitiendo para ganar y tengo fe en que voy a ser Gobernador\u00bb, dijo de s\u00ed, seguro y enf\u00e1tico, Mario Moreno Arcos, precandidato del PRI al Gobierno de Guerrero.<\/p>\n<figure id=\"attachment_1220319\" aria-describedby=\"caption-attachment-1220319\" style=\"width: 375px\" class=\"wp-caption alignleft\"><img loading=\"lazy\" decoding=\"async\" class=\"wp-image-1220319 size-medium\" src=\"https:\/\/www.acapulco.press\/wp-content\/uploads\/2021\/01\/MARIO-MORENO2-375x281.jpg\" alt=\"\" width=\"375\" height=\"281\" \/><figcaption id=\"caption-attachment-1220319\" class=\"wp-caption-text\"><strong>Moreno Arcos.<\/strong> | Fotos: <em>Acapulco Press.<\/em><\/figcaption><\/figure>\n<p style=\"text-align: justify;\">Al hablar de la coalici\u00f3n por la que participa, junto con Evodio Vel\u00e1zquez, se\u00f1al\u00f3 que los acuerdos entre PRI y PRD son firmes, s\u00f3lidos, por lo que no descart\u00f3 una ruptura entre ambos partidos si algunos de sus precandidatos no es electo candidato de la coalici\u00f3n PRI\/PRD.<\/p>\n<p style=\"text-align: justify;\">No obstante, vaticin\u00f3 que tiene fe en que ganar\u00e1 las encuestas previstas los d\u00edas 6 y 7 de febrero para decidir al abanderado oficial de la coalici\u00f3n y tiene su fe cifrada en que no solo ser\u00e1 el candidato, sino tambi\u00e9n Gobernador, debido a que considerado rival m\u00e1s fuerte hasta ahora, Morena, ha perdido la confianza y la esperanza de muchos mexicanos y guerrerenses, por tal motivo hay convicci\u00f3n y certeza de que la coalici\u00f3n PRI\/PRD saldr\u00e1 vencedora el pr\u00f3ximo 6 de junio.<\/p>\n<p style=\"text-align: justify;\">Al reunirse con periodistas de Acapulco, Moreno Arcos anunci\u00f3, como primicia, que su coordinador de campa\u00f1a ser\u00e1 el diputado H\u00e9ctor Apreza Patr\u00f3n, quien cuenta con vasta experiencia pol\u00edtica y capacidad para ayudar, junto con el Senador Manuel A\u00f1orve, ambos amigos suyos, en el triunfo de esta coalici\u00f3n ganadora.<br \/>\nwww<strong>.acapulcopress.<\/strong>com<\/p>\n","protected":false},"excerpt":{"rendered":"<p>\u00bb \u00c1ngel Blanco. ACAPULCO. * 31 de enero de 2021. ] Acapulco Press. \u00abCuando compito lo hago para ganar, no para ver si gano; en esta elecci\u00f3n estoy compitiendo para ganar y tengo fe en que voy a ser Gobernador\u00bb, dijo de s\u00ed, seguro y enf\u00e1tico, Mario Moreno Arcos, precandidato del PRI al Gobierno de&#8230;<\/p>\n","protected":false},"author":2,"featured_media":1220320,"comment_status":"closed","ping_status":"closed","sticky":false,"template":"","format":"standard","meta":{"footnotes":""},"categories":[2024,18561],"tags":[7799,9302,12685,14804,14914],"class_list":["post-1220317","post","type-post","status-publish","format-standard","has-post-thumbnail","hentry","category-politica-activism","category-society-politics","tag-eleccion-guerrero-2021","tag-gobierno-de-guerrero","tag-mario-moreno-arcos","tag-prd","tag-pri"],"_links":{"self":[{"href":"https:\/\/www.acapulcopress.com\/index.php\/wp-json\/wp\/v2\/posts\/1220317","targetHints":{"allow":["GET"]}}],"collection":[{"href":"https:\/\/www.acapulcopress.com\/index.php\/wp-json\/wp\/v2\/posts"}],"about":[{"href":"https:\/\/www.acapulcopress.com\/index.php\/wp-json\/wp\/v2\/types\/post"}],"author":[{"embeddable":true,"href":"https:\/\/www.acapulcopress.com\/index.php\/wp-json\/wp\/v2\/users\/2"}],"replies":[{"embeddable":true,"href":"https:\/\/www.acapulcopress.com\/index.php\/wp-json\/wp\/v2\/comments?post=1220317"}],"version-history":[{"count":0,"href":"https:\/\/www.acapulcopress.com\/index.php\/wp-json\/wp\/v2\/posts\/1220317\/revisions"}],"wp:featuredmedia":[{"embeddable":true,"href":"https:\/\/www.acapulcopress.com\/index.php\/wp-json\/"}],"wp:attachment":[{"href":"https:\/\/www.acapulcopress.com\/index.php\/wp-json\/wp\/v2\/media?parent=1220317"}],"wp:term":[{"taxonomy":"category","embeddable":true,"href":"https:\/\/www.acapulcopress.com\/index.php\/wp-json\/wp\/v2\/categories?post=1220317"},{"taxonomy":"post_tag","embeddable":true,"href":"https:\/\/www.acapulcopress.com\/index.php\/wp-json\/wp\/v2\/tags?post=1220317"}],"curies":[{"name":"wp","href":"https:\/\/api.w.org\/{rel}","templated":true}]}}