{"id":1220354,"date":"2021-02-01T19:57:30","date_gmt":"2021-02-02T01:57:30","guid":{"rendered":"https:\/\/www.acapulcopress.com\/?p=1220354"},"modified":"2021-02-01T19:57:30","modified_gmt":"2021-02-02T01:57:30","slug":"buscara-aguirre-nuevo-fondo-para-prevenir-crisis-de-prestadores-turisticos","status":"publish","type":"post","link":"https:\/\/www.acapulcopress.com\/index.php\/2021\/02\/01\/buscara-aguirre-nuevo-fondo-para-prevenir-crisis-de-prestadores-turisticos\/","title":{"rendered":"Buscar\u00e1 Aguirre nuevo fondo para prevenir crisis de prestadores tur\u00edsticos"},"content":{"rendered":"<p style=\"text-align: justify;\">ACAPULCO. * 1 de febrero de 2021.<br \/>\n<em>] Prensa #VAA.<\/em><\/p>\n<p style=\"text-align: justify;\">Con la pandemia del Covid-19 y la crisis econ\u00f3mica, el regidor con licencia V\u00edctor Aguirre Alcaide, plante\u00f3 en desarrollar un nuevo fondo con la finalidad de apoyar a los prestadores de servicios tur\u00edsticos y sus familias, una vez <img loading=\"lazy\" decoding=\"async\" class=\"alignleft size-medium wp-image-1220355\" src=\"https:\/\/www.acapulco.press\/wp-content\/uploads\/2021\/02\/VITOR-AGUIRRE-375x250.jpg\" alt=\"\" width=\"375\" height=\"250\" \/>llegando al nuevo gobierno municipal.<\/p>\n<p style=\"text-align: justify;\">En reuni\u00f3n con integrantes del Frente al Rescate del Acapulco Tradicional (FRAT) y prestadores tur\u00edsticos, respetando las medidas sanitarias con el uso de gel y cubrebocas y sana distancia, Aguirre asegur\u00f3 que este fondo permitir\u00e1 mitigar las crisis sanitaria, econ\u00f3mica o clim\u00e1tica, en el que velar\u00e1 a los hombres y mujeres que d\u00eda a d\u00eda trabajan al turismo.<\/p>\n<p style=\"text-align: justify;\">\u00abDesarrollaremos un fondo econ\u00f3mico a los prestadores tur\u00edsticos, ya que es un justo y necesario, siendo un acto de <img loading=\"lazy\" decoding=\"async\" class=\"alignleft size-medium wp-image-1220357\" src=\"https:\/\/www.acapulco.press\/wp-content\/uploads\/2021\/02\/VITOR-AGUIRRE3-375x250.jpg\" alt=\"\" width=\"375\" height=\"250\" \/>generosidad hacia ellos\u00bb, enfatiz\u00f3.<\/p>\n<p style=\"text-align: justify;\">La representante del FRAT, Dulce Mar\u00eda G\u00f3mez Vel\u00e1zquez, le manifest\u00f3 su apoyo, para sumarse al proyecto progresista y desarrollo de Acapulco del 2021, d\u00f3nde impulsar\u00e1 un plan de acci\u00f3n que rehabilitara la bah\u00eda de Acapulco.<\/p>\n<p style=\"text-align: justify;\">\u00abConfiamos en su proyecto para limpieza y rehabilitaci\u00f3n del Acapulco Tradicional, en el que se busca trabajar en conjunto con los prestadores tur\u00edsticos y gobierno\u00bb, expres\u00f3.<\/p>\n","protected":false},"excerpt":{"rendered":"<p>ACAPULCO. * 1 de febrero de 2021. ] Prensa #VAA. Con la pandemia del Covid-19 y la crisis econ\u00f3mica, el regidor con licencia V\u00edctor Aguirre Alcaide, plante\u00f3 en desarrollar un nuevo fondo con la finalidad de apoyar a los prestadores de servicios tur\u00edsticos y sus familias, una vez llegando al nuevo gobierno municipal. En reuni\u00f3n&#8230;<\/p>\n","protected":false},"author":2,"featured_media":1220356,"comment_status":"closed","ping_status":"closed","sticky":false,"template":"","format":"standard","meta":{"footnotes":""},"categories":[2024,18561],"tags":[7506,8925,17843],"class_list":["post-1220354","post","type-post","status-publish","format-standard","has-post-thumbnail","hentry","category-politica-activism","category-society-politics","tag-dulce-maria-gomez-velazquez","tag-frente-al-rescate-del-acapulco-tradicional-frat","tag-victor-aguirre-alcaide"],"_links":{"self":[{"href":"https:\/\/www.acapulcopress.com\/index.php\/wp-json\/wp\/v2\/posts\/1220354","targetHints":{"allow":["GET"]}}],"collection":[{"href":"https:\/\/www.acapulcopress.com\/index.php\/wp-json\/wp\/v2\/posts"}],"about":[{"href":"https:\/\/www.acapulcopress.com\/index.php\/wp-json\/wp\/v2\/types\/post"}],"author":[{"embeddable":true,"href":"https:\/\/www.acapulcopress.com\/index.php\/wp-json\/wp\/v2\/users\/2"}],"replies":[{"embeddable":true,"href":"https:\/\/www.acapulcopress.com\/index.php\/wp-json\/wp\/v2\/comments?post=1220354"}],"version-history":[{"count":0,"href":"https:\/\/www.acapulcopress.com\/index.php\/wp-json\/wp\/v2\/posts\/1220354\/revisions"}],"wp:featuredmedia":[{"embeddable":true,"href":"https:\/\/www.acapulcopress.com\/index.php\/wp-json\/"}],"wp:attachment":[{"href":"https:\/\/www.acapulcopress.com\/index.php\/wp-json\/wp\/v2\/media?parent=1220354"}],"wp:term":[{"taxonomy":"category","embeddable":true,"href":"https:\/\/www.acapulcopress.com\/index.php\/wp-json\/wp\/v2\/categories?post=1220354"},{"taxonomy":"post_tag","embeddable":true,"href":"https:\/\/www.acapulcopress.com\/index.php\/wp-json\/wp\/v2\/tags?post=1220354"}],"curies":[{"name":"wp","href":"https:\/\/api.w.org\/{rel}","templated":true}]}}