{"id":1220362,"date":"2021-02-01T20:09:44","date_gmt":"2021-02-02T02:09:44","guid":{"rendered":"https:\/\/www.acapulcopress.com\/?p=1220362"},"modified":"2021-02-01T20:09:44","modified_gmt":"2021-02-02T02:09:44","slug":"toro-toro-torito-candidatura-de-felix-sigue-en-vilo","status":"publish","type":"post","link":"https:\/\/www.acapulcopress.com\/index.php\/2021\/02\/01\/toro-toro-torito-candidatura-de-felix-sigue-en-vilo\/","title":{"rendered":"Toro, Toro, Torito\u2026 candidatura de F\u00e9lix sigue en vilo"},"content":{"rendered":"<p style=\"text-align: justify;\">Un Rapid\u00edn<br \/>\n\u00bb Con <strong>\u00c1ngel Irra Carceda<\/strong><br \/>\n] angelirracar@hotmail.com<\/p>\n<p style=\"text-align: justify;\">Todo indica que la candidatura oficial hacia la gubernatura de Guerrero para F\u00e9lix Salgado Macedonio sigue en vilo.<br \/>\nEl desgarriate interno que se traen en Morena en este asunto, sigue dando de qu\u00e9 hablar.<\/p>\n<p style=\"text-align: justify;\">El desaseo en el proceso para definir finalmente a su candidato a la gubernatura se ha descarrilado.<\/p>\n<p style=\"text-align: justify;\">Siguiendo la l\u00ednea de su dirigente nacional, Mario Delgado Carrillo, los m\u00e1s insistentes en montar en la precandidatura \u2013y posterior candidatura- a F\u00e9lix Salgado, han sido Marcial Rodr\u00edguez Salda\u00f1a y Salom\u00f3n Jara Cruz.<br \/>\nPero el presidente del Consejo Estatal de Morena, Luis Enrique R\u00edos Saucedo, sostiene, palabras m\u00e1s o menos, que la sesi\u00f3n de este domingo en un centro social de Chilpancingo, para avalar a F\u00e9lix Salgado, fue una farsa.<\/p>\n<p style=\"text-align: justify;\">Asegura que la decisi\u00f3n final ser\u00e1 del Comit\u00e9 Ejecutivo Nacional (CEN), donde ni siquiera han transparentado el resultado de las encuestas mediante las cuales dieron el gane a F\u00e9lix Salgado, y lo mismo ocurre en otras entidades del pa\u00eds, porque tambi\u00e9n se han rebelado ante Mario Delgado Carrillo.<\/p>\n<p style=\"text-align: justify;\">Que el amigo F\u00e9lix Salgado es el m\u00e1s popular para ellos, pues no lo dudo. Pero igual no pongo en tela de duda que ahora es el m\u00e1s cuestionado, sobre todo por el sector de las mujeres, que se mantiene por arriba del de los varones en el padr\u00f3n electoral.<\/p>\n<p style=\"text-align: justify;\">En este escenario tan desfavorable en Guerrero para el partido del presidente AMLO, Mario Moreno y Evodio Vel\u00e1zquez no deben anteponer el inter\u00e9s personal o de grupo al objetivo de ganar la gubernatura a Morena.<\/p>\n<p style=\"text-align: justify;\">Si la alianza PRI-PRD va en serio &#8211;vuelvo a insistir&#8211; en el jaripeo electoral del seis de junio pr\u00f3ximo, no habr\u00e1 toro que los derribe.<\/p>\n","protected":false},"excerpt":{"rendered":"<p>Un Rapid\u00edn \u00bb Con \u00c1ngel Irra Carceda ] angelirracar@hotmail.com Todo indica que la candidatura oficial hacia la gubernatura de Guerrero para F\u00e9lix Salgado Macedonio sigue en vilo. El desgarriate interno que se traen en Morena en este asunto, sigue dando de qu\u00e9 hablar. El desaseo en el proceso para definir finalmente a su candidato a&#8230;<\/p>\n","protected":false},"author":2,"featured_media":1220305,"comment_status":"closed","ping_status":"closed","sticky":false,"template":"","format":"standard","meta":{"footnotes":""},"categories":[2071,1991],"tags":[2908,3938,8467,12677,13305,17318,17511],"class_list":["post-1220362","post","type-post","status-publish","format-standard","has-post-thumbnail","hentry","category-opinion-analisis-columnas","category-libertad-de-expresion","tag-unvioladornoseragobernador","tag-angel-irra-carceda","tag-felix-salgado-macedonio","tag-mario-delgado-carrillo","tag-morena-guerrero","tag-toro-sin-cerca","tag-un-rapidin"],"_links":{"self":[{"href":"https:\/\/www.acapulcopress.com\/index.php\/wp-json\/wp\/v2\/posts\/1220362","targetHints":{"allow":["GET"]}}],"collection":[{"href":"https:\/\/www.acapulcopress.com\/index.php\/wp-json\/wp\/v2\/posts"}],"about":[{"href":"https:\/\/www.acapulcopress.com\/index.php\/wp-json\/wp\/v2\/types\/post"}],"author":[{"embeddable":true,"href":"https:\/\/www.acapulcopress.com\/index.php\/wp-json\/wp\/v2\/users\/2"}],"replies":[{"embeddable":true,"href":"https:\/\/www.acapulcopress.com\/index.php\/wp-json\/wp\/v2\/comments?post=1220362"}],"version-history":[{"count":0,"href":"https:\/\/www.acapulcopress.com\/index.php\/wp-json\/wp\/v2\/posts\/1220362\/revisions"}],"wp:featuredmedia":[{"embeddable":true,"href":"https:\/\/www.acapulcopress.com\/index.php\/wp-json\/"}],"wp:attachment":[{"href":"https:\/\/www.acapulcopress.com\/index.php\/wp-json\/wp\/v2\/media?parent=1220362"}],"wp:term":[{"taxonomy":"category","embeddable":true,"href":"https:\/\/www.acapulcopress.com\/index.php\/wp-json\/wp\/v2\/categories?post=1220362"},{"taxonomy":"post_tag","embeddable":true,"href":"https:\/\/www.acapulcopress.com\/index.php\/wp-json\/wp\/v2\/tags?post=1220362"}],"curies":[{"name":"wp","href":"https:\/\/api.w.org\/{rel}","templated":true}]}}