{"id":1220369,"date":"2021-02-01T10:21:11","date_gmt":"2021-02-01T16:21:11","guid":{"rendered":"https:\/\/www.acapulcopress.com\/?p=1220369"},"modified":"2021-02-01T10:21:11","modified_gmt":"2021-02-01T16:21:11","slug":"aguirre-da-banderazo-a-pavimentacion-de-la-calle-progreso","status":"publish","type":"post","link":"https:\/\/www.acapulcopress.com\/index.php\/2021\/02\/01\/aguirre-da-banderazo-a-pavimentacion-de-la-calle-progreso\/","title":{"rendered":"Aguirre da &#8216;banderazo&#8217; a pavimentaci\u00f3n de la calle Progreso"},"content":{"rendered":"<p style=\"text-align: justify;\">ACAPULCO. * 1 de febrero de 2021.<br \/>\n<em>] Prensa #VAA.<\/em><\/p>\n<p style=\"text-align: justify;\">V\u00edctor Aguirre Alcaide, dio banderazo de inicio del trabajo de pavimentaci\u00f3n en la calle Progreso de la colonia <img loading=\"lazy\" decoding=\"async\" class=\"alignleft size-medium wp-image-1220371\" src=\"https:\/\/www.acapulco.press\/wp-content\/uploads\/2021\/02\/AGUIRRE-BANDERAZO2-375x250.jpg\" alt=\"\" width=\"375\" height=\"250\" \/>Porvenir en el poblado de Llano Largo.<\/p>\n<p style=\"text-align: justify;\">En su visita a la colonia en la conurbada de la ciudad tur\u00edstica, Aguirre destac\u00f3 que estas obras brindan a la poblaci\u00f3n bienestar y desarrollo en sus vialidades.<\/p>\n<p style=\"text-align: justify;\">\u00abEs grato iniciar trabajo en el mejoramiento de las calles de las colonias de nuestra ciudad y la sociedad requiere m\u00e1s atenci\u00f3n en sus demandas y peticiones\u00bb, expres\u00f3.<\/p>\n<p style=\"text-align: justify;\">Antes de dar banderazo al inicio del trabajo de pavimentaci\u00f3n de la calle, los habitantes lo recibieron y agradecieron su compromiso en reparar su vialidad.<\/p>\n<p style=\"text-align: justify;\">El tramo que se rehabilitar\u00e1, se pavimentara 80 metros l\u00edneas por 6 metros de ancho, con instalaci\u00f3n de drenaje y agua potable.<\/p>\n<p><img loading=\"lazy\" decoding=\"async\" class=\"alignnone wp-image-1220370 size-large\" src=\"https:\/\/www.acapulco.press\/wp-content\/uploads\/2021\/02\/AGUIRRE-BANDERAZO-840x559.jpg\" alt=\"\" width=\"840\" height=\"559\" \/><\/p>\n","protected":false},"excerpt":{"rendered":"<p>ACAPULCO. * 1 de febrero de 2021. ] Prensa #VAA. V\u00edctor Aguirre Alcaide, dio banderazo de inicio del trabajo de pavimentaci\u00f3n en la calle Progreso de la colonia Porvenir en el poblado de Llano Largo. En su visita a la colonia en la conurbada de la ciudad tur\u00edstica, Aguirre destac\u00f3 que estas obras brindan a&#8230;<\/p>\n","protected":false},"author":2,"featured_media":1220372,"comment_status":"closed","ping_status":"closed","sticky":false,"template":"","format":"standard","meta":{"footnotes":""},"categories":[2024,18561],"tags":[17843],"class_list":["post-1220369","post","type-post","status-publish","format-standard","has-post-thumbnail","hentry","category-politica-activism","category-society-politics","tag-victor-aguirre-alcaide"],"_links":{"self":[{"href":"https:\/\/www.acapulcopress.com\/index.php\/wp-json\/wp\/v2\/posts\/1220369","targetHints":{"allow":["GET"]}}],"collection":[{"href":"https:\/\/www.acapulcopress.com\/index.php\/wp-json\/wp\/v2\/posts"}],"about":[{"href":"https:\/\/www.acapulcopress.com\/index.php\/wp-json\/wp\/v2\/types\/post"}],"author":[{"embeddable":true,"href":"https:\/\/www.acapulcopress.com\/index.php\/wp-json\/wp\/v2\/users\/2"}],"replies":[{"embeddable":true,"href":"https:\/\/www.acapulcopress.com\/index.php\/wp-json\/wp\/v2\/comments?post=1220369"}],"version-history":[{"count":0,"href":"https:\/\/www.acapulcopress.com\/index.php\/wp-json\/wp\/v2\/posts\/1220369\/revisions"}],"wp:featuredmedia":[{"embeddable":true,"href":"https:\/\/www.acapulcopress.com\/index.php\/wp-json\/"}],"wp:attachment":[{"href":"https:\/\/www.acapulcopress.com\/index.php\/wp-json\/wp\/v2\/media?parent=1220369"}],"wp:term":[{"taxonomy":"category","embeddable":true,"href":"https:\/\/www.acapulcopress.com\/index.php\/wp-json\/wp\/v2\/categories?post=1220369"},{"taxonomy":"post_tag","embeddable":true,"href":"https:\/\/www.acapulcopress.com\/index.php\/wp-json\/wp\/v2\/tags?post=1220369"}],"curies":[{"name":"wp","href":"https:\/\/api.w.org\/{rel}","templated":true}]}}