{"id":1220377,"date":"2021-02-01T20:44:33","date_gmt":"2021-02-02T02:44:33","guid":{"rendered":"https:\/\/www.acapulcopress.com\/?p=1220377"},"modified":"2021-02-01T20:44:33","modified_gmt":"2021-02-02T02:44:33","slug":"mario-un-politico-consciente-de-la-belleza-y-pobreza-y-marginacion-de-guerrero","status":"publish","type":"post","link":"https:\/\/www.acapulcopress.com\/index.php\/2021\/02\/01\/mario-un-politico-consciente-de-la-belleza-y-pobreza-y-marginacion-de-guerrero\/","title":{"rendered":"#Mario, un pol\u00edtico consciente de la belleza y pobreza y marginaci\u00f3n de Guerrero"},"content":{"rendered":"<p style=\"text-align: justify;\">CHILPANCINGO. * 1 de febrero de 2021.<br \/>\n<em>] Staff Mario Moreno.<\/em><\/p>\n<p style=\"text-align: justify;\">Mario Moreno Arcos conoce la belleza de Guerrero, pero tambi\u00e9n la pobreza y marginaci\u00f3n. \u201cConozco cada uno de los rincones del estado\u201d, sintetiz\u00f3.<\/p>\n<p style=\"text-align: justify;\"><strong>&#8211; \u00bfQui\u00e9n es Mario Moreno?-<\/strong> le pregunt\u00f3 el reportero.<\/p>\n<p style=\"text-align: justify;\">&#8211; \u201cEs un hombre que se ha conducido en la pol\u00edtica y el servicio p\u00fablico desde hace m\u00e1s de 25 a\u00f1os, trabajando intensamente en Guerrero desde ni\u00f1o; soy producto de la cultura del esfuerzo diario. Como pol\u00edtico me he conducido siempre con honestidad y transparencia, pero sobre todo con mucha cercan\u00eda a la gente\u201d.<\/p>\n<p style=\"text-align: justify;\">En esos 25 a\u00f1os, refiri\u00f3, ha ganado seis elecciones constitucionales, entre ellas, dos veces la Presidencia Municipal de Chilpancingo, su tierra, as\u00ed como diputado federal y funcionario p\u00fablico de los gobiernos federal y estatal.<\/p>\n<p style=\"text-align: justify;\">\u201cHe sido alcalde de Chilpancingo en dos ocasiones; he tenido la oportunidad de participar en el Congreso de la Uni\u00f3n en dos ocasiones tambi\u00e9n; igualmente en el Congreso local\u201d, destac\u00f3 el pri\u00edsta.<\/p>\n<p style=\"text-align: justify;\">Record\u00f3 que su \u00faltimo cargo p\u00fablico fue como secretario de Desarrollo Social en la actual administraci\u00f3n del gobierno de Guerrero, el cual concluy\u00f3 oficialmente hace tres meses por renuncia voluntaria para buscar nuevos proyectos profesionales.<\/p>\n<p style=\"text-align: justify;\">Cont\u00f3 que 25 a\u00f1os de trayectoria pol\u00edtica y su desempe\u00f1o en diferentes cargos de elecci\u00f3n y como servidor p\u00fablico le han permitido conocer a profundidad los contrastes y cada uno de los rincones de la geograf\u00eda estatal. \u201cConozco las bellezas de Guerrero, los atractivos tur\u00edsticos y las \u00e1reas y oportunidades de desarrollo, pero tambi\u00e9n conozco la marginaci\u00f3n y la pobreza. Tengo una visi\u00f3n clara de las potencialidades que debemos aprovechar para mantener al estado en una ruta de crecimiento y desarrollo integral para mis paisanas y paisanos, desde el crecimiento colectivo, hasta el individual\u201d, destac\u00f3.<\/p>\n<p style=\"text-align: justify;\">Moreno Arcos resalt\u00f3 la riqueza cultural y \u00e9tnica de Guerrero. \u201cMis hermanas y hermanos ind\u00edgenas y afro descendientes han sido parte de su sello caracter\u00edstico, es un poco de lo que es Mario Moreno\u201d.<\/p>\n<p style=\"text-align: justify;\">Por otro lado, lament\u00f3 el repunte de los brotes de Covid-19 en Guerrero y manifest\u00f3 su solidaridad con los guerrerenses que en este momento se encuentran contagiados, as\u00ed como con las familias que han perdido a un ser querido por este problema de salud que afecta al mundo entero.<\/p>\n<p style=\"text-align: justify;\">Reiter\u00f3 que, por esa raz\u00f3n, en un acto de congruencia y responsabilidad con los ciudadanos, suspendi\u00f3 por lo pronto sus encuentros con las estructuras pol\u00edticas municipales de las regiones Norte y Tierra Caliente, aunque precis\u00f3 que contin\u00faa trabajando de manera virtual para no exponer a nadie al contagio, concluy\u00f3.<\/p>\n","protected":false},"excerpt":{"rendered":"<p>CHILPANCINGO. * 1 de febrero de 2021. ] Staff Mario Moreno. Mario Moreno Arcos conoce la belleza de Guerrero, pero tambi\u00e9n la pobreza y marginaci\u00f3n. \u201cConozco cada uno de los rincones del estado\u201d, sintetiz\u00f3. &#8211; \u00bfQui\u00e9n es Mario Moreno?- le pregunt\u00f3 el reportero. &#8211; \u201cEs un hombre que se ha conducido en la pol\u00edtica y&#8230;<\/p>\n","protected":false},"author":2,"featured_media":1220379,"comment_status":"closed","ping_status":"closed","sticky":false,"template":"","format":"standard","meta":{"footnotes":""},"categories":[2024,18561],"tags":[5943,7799,12685],"class_list":["post-1220377","post","type-post","status-publish","format-standard","has-post-thumbnail","hentry","category-politica-activism","category-society-politics","tag-coalicion-pri-prd-guerrero-2021","tag-eleccion-guerrero-2021","tag-mario-moreno-arcos"],"_links":{"self":[{"href":"https:\/\/www.acapulcopress.com\/index.php\/wp-json\/wp\/v2\/posts\/1220377","targetHints":{"allow":["GET"]}}],"collection":[{"href":"https:\/\/www.acapulcopress.com\/index.php\/wp-json\/wp\/v2\/posts"}],"about":[{"href":"https:\/\/www.acapulcopress.com\/index.php\/wp-json\/wp\/v2\/types\/post"}],"author":[{"embeddable":true,"href":"https:\/\/www.acapulcopress.com\/index.php\/wp-json\/wp\/v2\/users\/2"}],"replies":[{"embeddable":true,"href":"https:\/\/www.acapulcopress.com\/index.php\/wp-json\/wp\/v2\/comments?post=1220377"}],"version-history":[{"count":0,"href":"https:\/\/www.acapulcopress.com\/index.php\/wp-json\/wp\/v2\/posts\/1220377\/revisions"}],"wp:featuredmedia":[{"embeddable":true,"href":"https:\/\/www.acapulcopress.com\/index.php\/wp-json\/"}],"wp:attachment":[{"href":"https:\/\/www.acapulcopress.com\/index.php\/wp-json\/wp\/v2\/media?parent=1220377"}],"wp:term":[{"taxonomy":"category","embeddable":true,"href":"https:\/\/www.acapulcopress.com\/index.php\/wp-json\/wp\/v2\/categories?post=1220377"},{"taxonomy":"post_tag","embeddable":true,"href":"https:\/\/www.acapulcopress.com\/index.php\/wp-json\/wp\/v2\/tags?post=1220377"}],"curies":[{"name":"wp","href":"https:\/\/api.w.org\/{rel}","templated":true}]}}