{"id":1220378,"date":"2021-02-01T08:35:30","date_gmt":"2021-02-01T14:35:30","guid":{"rendered":"https:\/\/www.acapulcopress.com\/?p=1220378"},"modified":"2021-02-01T08:35:30","modified_gmt":"2021-02-01T14:35:30","slug":"jacko-badillo-la-tercera-es-la-vencida-cuento-contigo","status":"publish","type":"post","link":"https:\/\/www.acapulcopress.com\/index.php\/2021\/02\/01\/jacko-badillo-la-tercera-es-la-vencida-cuento-contigo\/","title":{"rendered":"Jacko Badillo | La tercera es la vencida\u2026 \u00bfcuento contigo?"},"content":{"rendered":"<p style=\"text-align: justify;\"><strong>\u00bb Jacko Badillo.<\/strong><br \/>\n<em>] CCE Guerrero.<\/em><\/p>\n<p>El partido Morena inici\u00f3 el registro de aspirantes a las candidaturas para diputados locales, presidentes municipales, s\u00edndicos y regidores, con miras a participar en las elecciones a celebrarse el primer domingo de junio de este a\u00f1o.<\/p>\n<p style=\"text-align: justify;\">Como seguramente muchos de ustedes ya lo saben, he decidido participar en este proceso por una raz\u00f3n que reviste una gran trascendencia, como lo es el tener la oportunidad de representar a mi pueblo y a la vez cristalizar una de mis m\u00e1ximas aspiraciones: servir con honestidad, transparencia y dedicaci\u00f3n a mi querido Acapulco, con amor y pasi\u00f3n desde la alcald\u00eda.<\/p>\n<p style=\"text-align: justify;\">S\u00e9 que muchos se preguntar\u00e1n por qu\u00e9 ahora busco ser el abanderado de Morena, siendo que en el 2015 particip\u00e9 como candidato del Verde y en el 2018 lo hice a trav\u00e9s de la alianza PRD-PAN y Movimiento Ciudadano. Pues bien, por principio de cuentas debo decirles que no milito en ning\u00fan partido pol\u00edtico, que las veces que he competido han sido como representante de la sociedad civil, como candidato externo, y que me encuentro muy agradecido con esos institutos pol\u00edticos que en su momento me dieron la oportunidad de abanderarlos.<\/p>\n<p style=\"text-align: justify;\">Hoy, nuevamente como ciudadano en pleno uso de mis derechos pol\u00edticos, y porque los estatutos de Morena lo permiten, busco abanderarlo porque me siento plenamente identificado con los postulados de la Cuarta Transformaci\u00f3n que enarbola el presidente de M\u00e9xico, Andr\u00e9s Manuel L\u00f3pez Obrador, en quien reconozco a un l\u00edder de un arrastre impresionante y que fue por \u00e9l, justamente, por quien hace tres a\u00f1os no pude lograr el triunfo, por el tsunami que provoc\u00f3 e hizo ganar pr\u00e1cticamente a todos los que compitieron al lado de \u00e9l.<\/p>\n<p style=\"text-align: justify;\">No se confundan, no es chapulineo como dicen, es simplemente creer y tener confianza en un proyecto de naci\u00f3n que busca el bien de su pueblo, que es algo a lo que todos debemos aspirar, m\u00e1s all\u00e1 de los partidos, m\u00e1s all\u00e1 de los colores, es por M\u00e9xico, por Guerrero y por Acapulco.<\/p>\n<p style=\"text-align: justify;\">Mi reconocimiento y respeto a quienes igual que yo se han animado a competir; de eso se trata la democracia, de que haya participaci\u00f3n; sin duda todos tienen los argumentos necesarios para sostener esa aspiraci\u00f3n; s\u00f3lo me resta confiar en que este proceso interno transcurra con civilidad, y que al momento de darse el veredicto lo acatemos y vayamos juntos para dar la batalla a los adversarios de enfrente en las urnas.<\/p>\n<p style=\"text-align: justify;\">Dice el dicho que la tercera es la vencida. \u00bfSer\u00e1 cierto eso? Y lo m\u00e1s importante\u2026 \u00bfcuento con ustedes?<\/p>\n<p style=\"text-align: justify;\">Mientras tanto\u2026<em> \u00a1J\u00e1lalo que es pargo!<\/p>\n<p><\/em><\/p>\n<div style=\"width: 848px;\" class=\"wp-video\"><video class=\"wp-video-shortcode\" id=\"video-1220378-1\" width=\"848\" height=\"480\" preload=\"metadata\" controls=\"controls\"><source type=\"video\/mp4\" src=\"https:\/\/www.acapulco.press\/wp-content\/uploads\/2021\/02\/JACKO-ACAPULCO.mp4?_=1\" \/><a href=\"https:\/\/www.acapulco.press\/wp-content\/uploads\/2021\/02\/JACKO-ACAPULCO.mp4\">https:\/\/www.acapulco.press\/wp-content\/uploads\/2021\/02\/JACKO-ACAPULCO.mp4<\/a><\/video><\/div>\n<p style=\"text-align: justify;\"><em>\u00a0<\/em><\/p>\n","protected":false},"excerpt":{"rendered":"<p>\u00bb Jacko Badillo. ] CCE Guerrero. El partido Morena inici\u00f3 el registro de aspirantes a las candidaturas para diputados locales, presidentes municipales, s\u00edndicos y regidores, con miras a participar en las elecciones a celebrarse el primer domingo de junio de este a\u00f1o. Como seguramente muchos de ustedes ya lo saben, he decidido participar en este&#8230;<\/p>\n","protected":false},"author":2,"featured_media":1220385,"comment_status":"closed","ping_status":"closed","sticky":false,"template":"","format":"standard","meta":{"footnotes":""},"categories":[2071,1991],"tags":[2093,2745,7793,10804,13297],"class_list":["post-1220378","post","type-post","status-publish","format-standard","has-post-thumbnail","hentry","category-opinion-analisis-columnas","category-libertad-de-expresion","tag-jalalo-que-es-pargo","tag-jacko-badillo","tag-eleccion-acapulco-2021","tag-joaquin-badillo-escamilla","tag-morena"],"_links":{"self":[{"href":"https:\/\/www.acapulcopress.com\/index.php\/wp-json\/wp\/v2\/posts\/1220378","targetHints":{"allow":["GET"]}}],"collection":[{"href":"https:\/\/www.acapulcopress.com\/index.php\/wp-json\/wp\/v2\/posts"}],"about":[{"href":"https:\/\/www.acapulcopress.com\/index.php\/wp-json\/wp\/v2\/types\/post"}],"author":[{"embeddable":true,"href":"https:\/\/www.acapulcopress.com\/index.php\/wp-json\/wp\/v2\/users\/2"}],"replies":[{"embeddable":true,"href":"https:\/\/www.acapulcopress.com\/index.php\/wp-json\/wp\/v2\/comments?post=1220378"}],"version-history":[{"count":0,"href":"https:\/\/www.acapulcopress.com\/index.php\/wp-json\/wp\/v2\/posts\/1220378\/revisions"}],"wp:featuredmedia":[{"embeddable":true,"href":"https:\/\/www.acapulcopress.com\/index.php\/wp-json\/"}],"wp:attachment":[{"href":"https:\/\/www.acapulcopress.com\/index.php\/wp-json\/wp\/v2\/media?parent=1220378"}],"wp:term":[{"taxonomy":"category","embeddable":true,"href":"https:\/\/www.acapulcopress.com\/index.php\/wp-json\/wp\/v2\/categories?post=1220378"},{"taxonomy":"post_tag","embeddable":true,"href":"https:\/\/www.acapulcopress.com\/index.php\/wp-json\/wp\/v2\/tags?post=1220378"}],"curies":[{"name":"wp","href":"https:\/\/api.w.org\/{rel}","templated":true}]}}