{"id":1220391,"date":"2021-02-01T21:37:56","date_gmt":"2021-02-02T03:37:56","guid":{"rendered":"https:\/\/www.acapulcopress.com\/?p=1220391"},"modified":"2021-02-01T21:37:56","modified_gmt":"2021-02-02T03:37:56","slug":"pide-anorve-comparecencia-de-gatell-para-responder-por-sus-errores-en-la-lucha-contra-el-covid19","status":"publish","type":"post","link":"https:\/\/www.acapulcopress.com\/index.php\/2021\/02\/01\/pide-anorve-comparecencia-de-gatell-para-responder-por-sus-errores-en-la-lucha-contra-el-covid19\/","title":{"rendered":"Pide A\u00f1orve comparecencia de Gatell para responder por sus errores en la lucha contra el Covid19"},"content":{"rendered":"<div class=\"\" data-block=\"true\" data-editor=\"8tr08\" data-offset-key=\"6a5a2-0-0\">\n<div class=\"_1mf _1mj\" style=\"text-align: justify;\" data-offset-key=\"6a5a2-0-0\"><em>* \u00ab\u00a1No s\u00e9 cu\u00e1ntas vidas m\u00e1s se tienen que perder para que L\u00f3pez Gatell reconozca su incompetencia y se haga a un lado! No s\u00e9 de qu\u00e9 otra forma lo tenemos que decir: \u00abHugo L\u00f3pez Gatell debe comparecer ante el senado y responderle a los mexicanos por sus errores\u00bb, se\u00f1al\u00f3 enf\u00e1tico el Senador guerrerense.<br \/>\n<strong>* Entre las razones por las que se ha pedido la comparecencia del funcionario federal se encuentran la mala estrategia que ha utilizado para evitar la propagaci\u00f3n del virus, lo cual a causado la muerte de 160 mil mexicanos, destac\u00f3 A\u00f1orve Ba\u00f1os. <\/strong><\/em><\/div>\n<\/div>\n<div class=\"\" style=\"text-align: justify;\" data-block=\"true\" data-editor=\"8tr08\" data-offset-key=\"fnrc3-0-0\">\n<div class=\"_1mf _1mj\" data-offset-key=\"fnrc3-0-0\"><span data-offset-key=\"fnrc3-0-0\">\u00a0<\/span><\/div>\n<\/div>\n<div class=\"\" style=\"text-align: justify;\" data-block=\"true\" data-editor=\"8tr08\" data-offset-key=\"bp267-0-0\">\n<div class=\"_1mf _1mj\" data-offset-key=\"bp267-0-0\"><span data-offset-key=\"bp267-0-0\"><span data-offset-key=\"bp267-0-0\">SENADO DE LA REP\u00daBLICA. * 1 de febrero de 2021.<br \/>\n] Especial.<\/span><\/span>Durante el inicio del nuevo Per\u00edodo de Sesiones en el Senado de la Rep\u00fablica, el Senador por Guerrero Manuel A\u00f1orve Ba\u00f1os pidi\u00f3 la comparecencia ante el pleno del subsecretario de salud federal, Hugo L\u00f3pez-Gatell. Durante su intervenci\u00f3n, el Senador guerrerense expres\u00f3: \u00ab\u00a1No s\u00e9 cu\u00e1ntas vidas m\u00e1s se tienen que perder para que L\u00f3pez Gatell reconozca su incompetencia y se haga a un lado! No s\u00e9 de qu\u00e9 otra forma lo tenemos que decir: \u00abHugo L\u00f3pez Gatell debe comparecer ante el senado y responderle a los mexicanos por sus errores\u00bb.<\/p>\n<\/div>\n<\/div>\n<div class=\"\" style=\"text-align: justify;\" data-block=\"true\" data-editor=\"8tr08\" data-offset-key=\"39evg-0-0\">\n<div class=\"_1mf _1mj\" data-offset-key=\"39evg-0-0\"><span data-offset-key=\"39evg-0-0\">\u00a0<\/span><\/div>\n<\/div>\n<div class=\"\" style=\"text-align: justify;\" data-block=\"true\" data-editor=\"8tr08\" data-offset-key=\"1uapr-0-0\">\n<div class=\"_1mf _1mj\" data-offset-key=\"1uapr-0-0\"><span data-offset-key=\"1uapr-0-0\">Entre las razones por las que ha pedido la comparecencia del funcionario federal, explic\u00f3 A\u00f1orve, se encuentran la mala estrategia que ha utilizado para evitar la propagaci\u00f3n del virus, lo cual a causado la muerte de 160 mil mexicanos.<\/span><\/div>\n<\/div>\n<div class=\"\" style=\"text-align: justify;\" data-block=\"true\" data-editor=\"8tr08\" data-offset-key=\"531fs-0-0\">\n<div class=\"_1mf _1mj\" data-offset-key=\"531fs-0-0\"><span data-offset-key=\"531fs-0-0\">\u00a0<\/span><\/div>\n<\/div>\n<div class=\"\" style=\"text-align: justify;\" data-block=\"true\" data-editor=\"8tr08\" data-offset-key=\"3dn34-0-0\">\n<div class=\"_1mf _1mj\" data-offset-key=\"3dn34-0-0\"><span data-offset-key=\"3dn34-0-0\">A\u00f1orve Ba\u00f1os detall\u00f3 que el 24 de marzo del a\u00f1o pasado, L\u00f3pez-Gatell afirm\u00f3 que ante los primeros s\u00edntomas no hab\u00eda que ir a hospitales para \u201cno saturarlos\u201d. Esto provoc\u00f3 que el pasado viernes 22 de enero, la autoridad\u00a0 informara que 70 porciento de las personas que llegan a recibir atenci\u00f3n m\u00e9dica llegan tarde; 12 d\u00edas tarde, en promedio.<\/span><\/div>\n<\/div>\n<div class=\"\" style=\"text-align: justify;\" data-block=\"true\" data-editor=\"8tr08\" data-offset-key=\"5oed4-0-0\">\n<div class=\"_1mf _1mj\" data-offset-key=\"5oed4-0-0\"><span data-offset-key=\"5oed4-0-0\">\u00a0<\/span><\/div>\n<\/div>\n<div class=\"\" style=\"text-align: justify;\" data-block=\"true\" data-editor=\"8tr08\" data-offset-key=\"bjj81-0-0\">\n<div class=\"_1mf _1mj\" data-offset-key=\"bjj81-0-0\"><span data-offset-key=\"bjj81-0-0\">El 11 de febrero de 2020, afirm\u00f3 que el COVID ser\u00eda \u201cmenos mortal que la influenza\u201d y \u201cno ser\u00e1 necesario tener hospitales especiales para su tratamiento\u201d. Hoy, se han quintuplicado los decesos por neumon\u00eda e influenza juntos, pasando de 31 mil muertes en todo 2019, a 160 mil en once meses.<\/span><\/div>\n<\/div>\n<div class=\"\" style=\"text-align: justify;\" data-block=\"true\" data-editor=\"8tr08\" data-offset-key=\"d9s1l-0-0\">\n<div class=\"_1mf _1mj\" data-offset-key=\"d9s1l-0-0\"><span data-offset-key=\"d9s1l-0-0\">\u00a0<\/span><\/div>\n<\/div>\n<div class=\"\" style=\"text-align: justify;\" data-block=\"true\" data-editor=\"8tr08\" data-offset-key=\"dlhrn-0-0\">\n<div class=\"_1mf _1mj\" data-offset-key=\"dlhrn-0-0\"><span data-offset-key=\"dlhrn-0-0\">El legislador federal precis\u00f3 que el subsecretario de salud, a mediados del a\u00f1o pasado, afirm\u00f3 que habr\u00eda 6 mil muertes, luego dijo que hasta 8 mil, despu\u00e9s que 12 mil 500, 20 mil y 30 mil, y posteriormente, en junio, dibuj\u00f3 un escenario catastr\u00f3fico para nuestro pa\u00eds, en el que se podr\u00edan registrar hasta 60 mil.<\/span><\/div>\n<\/div>\n<div class=\"\" style=\"text-align: justify;\" data-block=\"true\" data-editor=\"8tr08\" data-offset-key=\"879n8-0-0\">\n<div class=\"_1mf _1mj\" data-offset-key=\"879n8-0-0\"><span data-offset-key=\"879n8-0-0\">\u00a0<\/span><\/div>\n<\/div>\n<div class=\"\" data-block=\"true\" data-editor=\"8tr08\" data-offset-key=\"4ri8d-0-0\">\n<div class=\"_1mf _1mj\" style=\"text-align: justify;\" data-offset-key=\"4ri8d-0-0\"><span data-offset-key=\"4ri8d-0-0\"><span data-offset-key=\"4ri8d-0-0\">Lamentablemente, tambi\u00e9n err\u00f3 en estas predicciones y M\u00e9xico, en este momento, ronda las 160 mil muertes en la cifra oficial y en m\u00e1s de 400 mil muertes reales, de acuerdo a los expertos en la materia, por lo que Manuel A\u00f1orve insisti\u00f3 en su llamado para que Hugo L\u00f3pez Gatell comparezca es por el bien de todas y todos los mexicanos.<\/p>\n<p><\/span><\/span><div style=\"width: 848px;\" class=\"wp-video\"><video class=\"wp-video-shortcode\" id=\"video-1220391-1\" width=\"848\" height=\"480\" preload=\"metadata\" controls=\"controls\"><source type=\"video\/mp4\" src=\"https:\/\/www.acapulco.press\/wp-content\/uploads\/2021\/02\/WhatsApp-Video-2021-02-01-at-7.34.00-PM.mp4?_=1\" \/><a href=\"https:\/\/www.acapulco.press\/wp-content\/uploads\/2021\/02\/WhatsApp-Video-2021-02-01-at-7.34.00-PM.mp4\">https:\/\/www.acapulco.press\/wp-content\/uploads\/2021\/02\/WhatsApp-Video-2021-02-01-at-7.34.00-PM.mp4<\/a><\/video><\/div><\/p>\n<p><span class=\"py34i1dx\"><span data-offset-key=\"4ri8d-1-0\">www<strong>.acapulcopress.<\/strong>com<\/span><\/span><\/p>\n<\/div>\n<\/div>\n","protected":false},"excerpt":{"rendered":"<p>* \u00ab\u00a1No s\u00e9 cu\u00e1ntas vidas m\u00e1s se tienen que perder para que L\u00f3pez Gatell reconozca su incompetencia y se haga a un lado! No s\u00e9 de qu\u00e9 otra forma lo tenemos que decir: \u00abHugo L\u00f3pez Gatell debe comparecer ante el senado y responderle a los mexicanos por sus errores\u00bb, se\u00f1al\u00f3 enf\u00e1tico el Senador guerrerense. *&#8230;<\/p>\n","protected":false},"author":2,"featured_media":1220393,"comment_status":"closed","ping_status":"closed","sticky":false,"template":"","format":"video","meta":{"footnotes":""},"categories":[2044,1972,18573,2083],"tags":[6705,9942,12366,16475],"class_list":["post-1220391","post","type-post","status-publish","format-video","has-post-thumbnail","hentry","category-justice","category-special","category-goverment","category-seguridad-social","tag-covid19","tag-hugo-lopez-gatell-ramirez","tag-manuel-anorve-banos","tag-senado-de-mexico","post_format-post-format-video"],"_links":{"self":[{"href":"https:\/\/www.acapulcopress.com\/index.php\/wp-json\/wp\/v2\/posts\/1220391","targetHints":{"allow":["GET"]}}],"collection":[{"href":"https:\/\/www.acapulcopress.com\/index.php\/wp-json\/wp\/v2\/posts"}],"about":[{"href":"https:\/\/www.acapulcopress.com\/index.php\/wp-json\/wp\/v2\/types\/post"}],"author":[{"embeddable":true,"href":"https:\/\/www.acapulcopress.com\/index.php\/wp-json\/wp\/v2\/users\/2"}],"replies":[{"embeddable":true,"href":"https:\/\/www.acapulcopress.com\/index.php\/wp-json\/wp\/v2\/comments?post=1220391"}],"version-history":[{"count":0,"href":"https:\/\/www.acapulcopress.com\/index.php\/wp-json\/wp\/v2\/posts\/1220391\/revisions"}],"wp:featuredmedia":[{"embeddable":true,"href":"https:\/\/www.acapulcopress.com\/index.php\/wp-json\/"}],"wp:attachment":[{"href":"https:\/\/www.acapulcopress.com\/index.php\/wp-json\/wp\/v2\/media?parent=1220391"}],"wp:term":[{"taxonomy":"category","embeddable":true,"href":"https:\/\/www.acapulcopress.com\/index.php\/wp-json\/wp\/v2\/categories?post=1220391"},{"taxonomy":"post_tag","embeddable":true,"href":"https:\/\/www.acapulcopress.com\/index.php\/wp-json\/wp\/v2\/tags?post=1220391"}],"curies":[{"name":"wp","href":"https:\/\/api.w.org\/{rel}","templated":true}]}}