{"id":1220411,"date":"2021-02-01T22:08:57","date_gmt":"2021-02-02T04:08:57","guid":{"rendered":"https:\/\/www.acapulcopress.com\/?p=1220411"},"modified":"2021-02-01T22:08:57","modified_gmt":"2021-02-02T04:08:57","slug":"gobernador-astudillo-entrego-el-premio-estatal-de-la-juventud-a-diez-destacados-jovenes","status":"publish","type":"post","link":"https:\/\/www.acapulcopress.com\/index.php\/2021\/02\/01\/gobernador-astudillo-entrego-el-premio-estatal-de-la-juventud-a-diez-destacados-jovenes\/","title":{"rendered":"Gobernador Astudillo entreg\u00f3 el Premio Estatal de la Juventud a diez destacados j\u00f3venes"},"content":{"rendered":"<p style=\"text-align: justify;\">CHILPANCINGO. * 1 de febrero de 2021.<br \/>\n<em>] Gobierno de Guerrero.<\/em><\/p>\n<p style=\"text-align: justify;\">Por su trabajo, trayectoria, entrega y dedicaci\u00f3n en diversas disciplinas del conocimiento, bellas artes y el deporte, el gobernador H\u00e9ctor Astudillo Flores entreg\u00f3 el Premio Estatal de la Juventud, el m\u00e1ximo galard\u00f3n que entrega el gobierno del Guerrero al sector juvenil a diez destacados j\u00f3venes.<\/p>\n<p style=\"text-align: justify;\"><img loading=\"lazy\" decoding=\"async\" class=\"alignleft size-full wp-image-1220414\" src=\"https:\/\/www.acapulco.press\/wp-content\/uploads\/2021\/02\/PREMIO-ESTATAL-DE-LA-JUVENTUD.jpeg\" alt=\"\" width=\"362\" height=\"320\" \/>Acompa\u00f1ado de su esposa, la presidenta del DIF Guerrero, Mercedes Calvo, el titular del Ejecutivo guerrerense expres\u00f3 que durante la pandemia por el Covid-19, los j\u00f3venes son aliados muy importantes por su sentido de responsabilidad, \u00e1nimo, de aprendizaje, de entrega, \u201cde lo que han hecho, sin duda, se convierten en l\u00edderes sociales\u201d.<\/p>\n<p style=\"text-align: justify;\">En esta ceremonia que se transmiti\u00f3 de manera virtual y con una convocatoria reducida para cumplir con todos los protocolos de salud, Astudillo Flores manifest\u00f3 que quienes hoy fueron galardonados, son un ejemplo de superaci\u00f3n para las y los guerrerenses.<\/p>\n<p style=\"text-align: justify;\">En el mensaje que comparti\u00f3 a las y los j\u00f3venes, Astudillo Flores puntualiz\u00f3 que<br \/>\n<img loading=\"lazy\" decoding=\"async\" class=\"alignleft size-full wp-image-1220413\" src=\"https:\/\/www.acapulco.press\/wp-content\/uploads\/2021\/02\/PREMIO-ESTATAL-DE-LA-JUVENTUD-3.jpeg\" alt=\"\" width=\"335\" height=\"320\" \/>en el tiempo que le resta como gobernador har\u00e1 lo que le corresponda para que este estado siga adelante. \u201cNo aspiro a otra cosa, no quiero otra cosa, que el futuro gobernador de Guerrero, sea mejor que yo\u201d.<\/p>\n<p style=\"text-align: justify;\">Asimismo, expuso que a casi un a\u00f1o de la pandemia en M\u00e9xico, se tuvieron que hacer diversas modificaciones al estilo de vida de todas y todos, sosteniendo su preludi\u00f3 del 2020, que la tecnolog\u00eda, es uno de las cosas que han sobrevivido en esta contingencia y que perdurar\u00e1 para vivir en mejores condiciones en la vida de todos los seres humanos.<\/p>\n<p style=\"text-align: justify;\">En su intervenci\u00f3n, el encargado de despacho de la Secretar\u00eda de la Juventud y la Ni\u00f1ez, Luis Enrique Aguirre Justo manifest\u00f3 que la juventud representa fuerza y solidaridad, a trav\u00e9s de sus acciones emprendidas en todas las latitudes para hacer frente a este reto global, donde se requiere de la voluntad de todos.<\/p>\n<p style=\"text-align: justify;\">El funcionario estatal manifest\u00f3 que el sector juvenil ha sido fundamental para luchar contra la pandemia en la entidad, desde su trabajo en brigadas hasta su lucha en los nosocomios, revelando que mientras haya entusiasmo y haya esperanza habremos de seguir adelante.<\/p>\n<p style=\"text-align: justify;\">A nombre de los galardonados, Am\u00e9rica Campos Le\u00f3n, agradeci\u00f3 el reconocimiento y respaldo del gobernador H\u00e9ctor Astudillo Flores hacia las y los j\u00f3venes.<\/p>\n<p style=\"text-align: justify;\">Destac\u00f3 su reflexi\u00f3n sobre la dif\u00edcil situaci\u00f3n y reto que atraves\u00f3 para lograr sus sue\u00f1os siendo joven, ind\u00edgena y mujer.<\/p>\n<p style=\"text-align: justify;\">A trav\u00e9s de un video donde los diez galardonados expresaron su historia de vida, coincidieron con el mandatario estatal en su llamado urgente a la poblaci\u00f3n a extremar las medidas sanitarias y en la importancia de seguirlas para no solo salvarse, sino tambi\u00e9n a familiares, amigos.<\/p>\n<p style=\"text-align: justify;\">Am\u00e9rica Campos Le\u00f3n, ganadora en la categor\u00eda de Compromiso Social y Derechos Humanos es m\u00e9dico general originaria de la comunidad de Tototepec municipio de Tlapa de Comonfort, actualmente se encuentra laborando en el \u00e1rea Covid del Hospital General de Tlapa. En septiembre pasado recibi\u00f3 la condecoraci\u00f3n Miguel Hidalgo de manos del Presidente de la Rep\u00fablica, \u00e9sta es la m\u00e1s alta presea que otorga el Estado mexicano a sus nacionales, por relevantes servicios prestados a la Patria o a la Humanidad.<\/p>\n<p style=\"text-align: justify;\">Entre las y los j\u00f3venes reconocidos con el Premio Estatal de la Juventud resalta en la categor\u00eda de Ciencia y Tecnolog\u00eda Luis G\u00f3mez Talavera originario de Iguala; en Fortalecimiento a la Cultura Ind\u00edgena y Afrodescendiente se premi\u00f3 a Ang\u00e9lica Pablo Pe\u00f1a originaria de San Mart\u00edn Jolalpan municipio de Cual\u00e1c mientras que en Expresiones Art\u00edsticas y Artes Populares correspondi\u00f3 a Jalil Mosso Castrej\u00f3n, originario de Tlapa de Comonfort.<\/p>\n<p style=\"text-align: justify;\">En la categor\u00eda en Aportaci\u00f3n a la Cultura Pol\u00edtica y a la Democracia, se entreg\u00f3 esta condecoraci\u00f3n a Maximiliano Miranda Carbajal, originario de Chilpancingo, mientras que el premio Discapacidad e Integraci\u00f3n fue destinado para Cristian Quezada D\u00edaz, nacido en Teloloapan.<\/p>\n<p style=\"text-align: justify;\">En Protecci\u00f3n al Medio Ambiente y Desarrollo Sostenible se le otorg\u00f3 el premio a Mar\u00eda Concepci\u00f3n L\u00f3pez Ojeda, en Ingenio Emprendedor, V\u00edctor Manuel Adame Hern\u00e1ndez originario de Zihuatanejo, el Logro Acad\u00e9mico fue para Omar Farid Astudillo Marb\u00e1n originario de Huitzuco de los Figueroa y en el Deportivo, Paloma Flores Ba\u00f1os, originaria de Acapulco.<\/p>\n","protected":false},"excerpt":{"rendered":"<p>CHILPANCINGO. * 1 de febrero de 2021. ] Gobierno de Guerrero. Por su trabajo, trayectoria, entrega y dedicaci\u00f3n en diversas disciplinas del conocimiento, bellas artes y el deporte, el gobernador H\u00e9ctor Astudillo Flores entreg\u00f3 el Premio Estatal de la Juventud, el m\u00e1ximo galard\u00f3n que entrega el gobierno del Guerrero al sector juvenil a diez destacados&#8230;<\/p>\n","protected":false},"author":2,"featured_media":1220412,"comment_status":"closed","ping_status":"closed","sticky":false,"template":"","format":"standard","meta":{"footnotes":""},"categories":[1972,18573,18574,1983],"tags":[9302,9705,14827],"class_list":["post-1220411","post","type-post","status-publish","format-standard","has-post-thumbnail","hentry","category-special","category-goverment","category-gobierno-la-foto","category-guerrerogob","tag-gobierno-de-guerrero","tag-hector-astudillo-flores","tag-premio-estatal-de-la-juventud-2020"],"_links":{"self":[{"href":"https:\/\/www.acapulcopress.com\/index.php\/wp-json\/wp\/v2\/posts\/1220411","targetHints":{"allow":["GET"]}}],"collection":[{"href":"https:\/\/www.acapulcopress.com\/index.php\/wp-json\/wp\/v2\/posts"}],"about":[{"href":"https:\/\/www.acapulcopress.com\/index.php\/wp-json\/wp\/v2\/types\/post"}],"author":[{"embeddable":true,"href":"https:\/\/www.acapulcopress.com\/index.php\/wp-json\/wp\/v2\/users\/2"}],"replies":[{"embeddable":true,"href":"https:\/\/www.acapulcopress.com\/index.php\/wp-json\/wp\/v2\/comments?post=1220411"}],"version-history":[{"count":0,"href":"https:\/\/www.acapulcopress.com\/index.php\/wp-json\/wp\/v2\/posts\/1220411\/revisions"}],"wp:featuredmedia":[{"embeddable":true,"href":"https:\/\/www.acapulcopress.com\/index.php\/wp-json\/"}],"wp:attachment":[{"href":"https:\/\/www.acapulcopress.com\/index.php\/wp-json\/wp\/v2\/media?parent=1220411"}],"wp:term":[{"taxonomy":"category","embeddable":true,"href":"https:\/\/www.acapulcopress.com\/index.php\/wp-json\/wp\/v2\/categories?post=1220411"},{"taxonomy":"post_tag","embeddable":true,"href":"https:\/\/www.acapulcopress.com\/index.php\/wp-json\/wp\/v2\/tags?post=1220411"}],"curies":[{"name":"wp","href":"https:\/\/api.w.org\/{rel}","templated":true}]}}