{"id":1220432,"date":"2021-02-01T23:40:10","date_gmt":"2021-02-02T05:40:10","guid":{"rendered":"https:\/\/www.acapulcopress.com\/?p=1220432"},"modified":"2021-02-01T23:40:10","modified_gmt":"2021-02-02T05:40:10","slug":"enero-fue-el-mes-mas-mortal-por-covid19","status":"publish","type":"post","link":"https:\/\/www.acapulcopress.com\/index.php\/2021\/02\/01\/enero-fue-el-mes-mas-mortal-por-covid19\/","title":{"rendered":"Enero fue el mes m\u00e1s mortal por Covid19"},"content":{"rendered":"<p style=\"text-align: justify;\">CIUDAD DE M\u00c9XICO. * 1 de febrero de 2021.<br \/>\n<em>] <a href=\"https:\/\/www.efe.com\/efe\/america\/mexico\/enero-es-el-mes-mas-mortal-por-covid-19-en-mexico-pese-a-la-pandemia-domada\/50000545-4454727\" target=\"_blank\" rel=\"noopener\">Efe<\/a>.<\/em><\/p>\n<p style=\"text-align: justify;\">Enero se convirti\u00f3 en el mes de mayor mortandad por el coronavirus en M\u00e9xico con al menos 32.729 fallecidos por la covid-19, pese a la insistencia del presidente, Andr\u00e9s Manuel L\u00f3pez Obrador, de que la pandemia estaba \u00abdomada\u00bb.<\/p>\n<p style=\"text-align: justify;\">En enero se registr\u00f3 casi una de cada cinco muertes de las 158.536 que la Secretar\u00eda de Salud (SSa) ha documentado hasta ahora, adem\u00e1s de cerca de una cuarta parte de los casos confirmados, 438.166 de un total de 1.864.260.<\/p>\n<p>Con un promedio de casi 1.056 muertes al d\u00eda, enero supera los 19.867 decesos de diciembre, los 18.919 de julio y los 17.839 de junio, que se consideraban los meses m\u00e1s graves de la pandemia en M\u00e9xico.<\/p>\n<p style=\"text-align: justify;\">El primer mes de 2021 tambi\u00e9n marc\u00f3 r\u00e9cords al registrar los 10 d\u00edas con m\u00e1s fallecidos por covid-19 de toda la pandemia, incluyendo los m\u00e1ximos diarios de 1.803 muertes y 22.339 casos positivos del 21 de enero.<\/p>\n<p style=\"text-align: justify;\">M\u00e9xico rebas\u00f3 la semana pasada a India como el tercer pa\u00eds con m\u00e1s muertos por el coronavirus, adem\u00e1s de ocupar el decimotercer lugar en fallecidos en proporci\u00f3n a su poblaci\u00f3n, con m\u00e1s de 1.240 por cada mill\u00f3n de habitantes.<\/p>\n<p>\u00abComenzamos 2021 con un asunto muy grave, un incremento de casos muy lamentable, considerando tan solo las cifras oficiales, estamos en una circunstancia terrible\u00bb, expres\u00f3 a Efe Carolina G\u00f3mez, experta de la Sociedad Mexicana de Salud P\u00fablica.<\/p>\n<p style=\"text-align: justify;\">&#8216;PANDEMIA DOMADA&#8217;<\/p>\n<p style=\"text-align: justify;\">M\u00e9xico alcanza estos l\u00fagubres r\u00e9cords pese al optimismo del presidente L\u00f3pez Obrador, enfermo con covid-19 desde el domingo 24 de enero.<\/p>\n<p style=\"text-align: justify;\">Aunque los cr\u00edticos esperaban que el mandatario rectificara la gesti\u00f3n de la pandemia tras su contagio, el presidente aclar\u00f3 en un v\u00eddeo el viernes pasado que \u00abprocurar\u00e1 continuar la misma estrategia y fortalecerla\u00bb.<\/p>\n<p style=\"text-align: justify;\">\u00abConsiste desde el principio en que a nadie le falte una cama y que no falten m\u00e9dicos y enfermeras y equipos, y que no falten los medicamentos en los hospitales covid, que se atienda a todos. Afortunadamente, no nos han rebasado las circunstancias y hemos podido atender a todos\u00bb, asever\u00f3.<\/p>\n<p style=\"text-align: justify;\">Este discurso contrasta con la saturaci\u00f3n hospitalaria del 87 % de Ciudad de M\u00e9xico y de 82 % de su vecino Estado de M\u00e9xico, la zona metropolitana m\u00e1s grande del pa\u00eds, donde abundan testimonios de personas que mueren en casa o en la calle en busca de atenci\u00f3n.<\/p>\n<p style=\"text-align: justify;\">\u00abLa ocupaci\u00f3n hospitalaria ha sido rebasada y aunque las autoridades sigan hablando de camas disponibles, no es un asunto de camas, por s\u00ed solas no nos dicen nada porque se necesita personal calificado para manejar un respirador, para darle atenci\u00f3n a un paciente\u00bb, observ\u00f3 G\u00f3mez.<\/p>\n<p style=\"text-align: justify;\">CIFRAS EN DUDA<\/p>\n<p style=\"text-align: justify;\"><img loading=\"lazy\" decoding=\"async\" class=\"alignleft size-medium wp-image-1220433\" src=\"https:\/\/www.acapulco.press\/wp-content\/uploads\/2021\/02\/COVID-19-MUERTES-375x250.jpg\" alt=\"\" width=\"375\" height=\"250\" \/>Los interrogantes ante las cifras oficiales han crecido tras el informe que public\u00f3 la semana pasada el Instituto Nacional de Estad\u00edstica y Geograf\u00eda (Inegi), que document\u00f3 108.658 muertes por covid-19 en los primeros ocho meses de 2020.<\/p>\n<p style=\"text-align: justify;\">Este n\u00famero es 55 % mayor a las 69.849 defunciones reconocidas por la Secretar\u00eda de Salud (SSa).<\/p>\n<p style=\"text-align: justify;\">Mientras los datos del Inegi corresponden a registros administrativos de defunciones y actas de defunci\u00f3n en cualquier lugar, la SSa ha reconocido que su campo es m\u00e1s limitado y suele reservarse a muertes en hospitales.<\/p>\n<p style=\"text-align: justify;\">Esto alimenta el escepticismo sobre el manejo de las cifras del Gobierno federal, advirti\u00f3 G\u00f3mez.<\/p>\n<p style=\"text-align: justify;\">\u00abLas cifras de la Secretar\u00eda de Salud a nadie nos convencen, ese es un grave problema de la salud p\u00fablica, y cuando ya pierdes la confianza de la poblaci\u00f3n o cambias la estrategia o cambias al vocero\u00bb, agreg\u00f3.<\/p>\n<p style=\"text-align: justify;\">Ante este panorama, la especialista Laurie Ann Xim\u00e9nez-Fyvie ha denunciado la \u00abestrategia criminal\u00bb del Gobierno de M\u00e9xico.<\/p>\n<p style=\"text-align: justify;\">\u00abLas cosas pudieron no ser como son ahorita, podr\u00edamos no estar penando la vida de tant\u00edsimos mexicanos\u00bb, manifest\u00f3 a Efe la jefa del laboratorio de Gen\u00e9tica Molecular de la Universidad Nacional Aut\u00f3noma de M\u00e9xico (UNAM).<\/p>\n<p style=\"text-align: justify;\">En su libro \u00abUn da\u00f1o irreparable: la criminal gesti\u00f3n de la pandemia en M\u00e9xico\u00bb, la experta document\u00f3 los errores que el Gobierno se ha negado a rectificar y critic\u00f3 el discurso triunfalista oficial.<\/p>\n<p style=\"text-align: justify;\">\u00abLas proyecciones matem\u00e1ticas nos hablan de 600.000 muertos para junio, mientras las autoridades dicen que el problema ya se est\u00e1 controlando, que hay una desaceleraci\u00f3n. Es una locura, el problema no se va a poder controlar\u00bb, alert\u00f3.<\/p>\n","protected":false},"excerpt":{"rendered":"<p>CIUDAD DE M\u00c9XICO. * 1 de febrero de 2021. ] Efe. Enero se convirti\u00f3 en el mes de mayor mortandad por el coronavirus en M\u00e9xico con al menos 32.729 fallecidos por la covid-19, pese a la insistencia del presidente, Andr\u00e9s Manuel L\u00f3pez Obrador, de que la pandemia estaba \u00abdomada\u00bb. En enero se registr\u00f3 casi una&#8230;<\/p>\n","protected":false},"author":2,"featured_media":1220434,"comment_status":"closed","ping_status":"closed","sticky":false,"template":"","format":"standard","meta":{"footnotes":""},"categories":[1997],"tags":[3793,6705,9310,14196],"class_list":["post-1220432","post","type-post","status-publish","format-standard","has-post-thumbnail","hentry","category-noticias-destacadas","tag-amlo","tag-covid19","tag-gobierno-de-mexico","tag-pandemia-domada"],"_links":{"self":[{"href":"https:\/\/www.acapulcopress.com\/index.php\/wp-json\/wp\/v2\/posts\/1220432","targetHints":{"allow":["GET"]}}],"collection":[{"href":"https:\/\/www.acapulcopress.com\/index.php\/wp-json\/wp\/v2\/posts"}],"about":[{"href":"https:\/\/www.acapulcopress.com\/index.php\/wp-json\/wp\/v2\/types\/post"}],"author":[{"embeddable":true,"href":"https:\/\/www.acapulcopress.com\/index.php\/wp-json\/wp\/v2\/users\/2"}],"replies":[{"embeddable":true,"href":"https:\/\/www.acapulcopress.com\/index.php\/wp-json\/wp\/v2\/comments?post=1220432"}],"version-history":[{"count":0,"href":"https:\/\/www.acapulcopress.com\/index.php\/wp-json\/wp\/v2\/posts\/1220432\/revisions"}],"wp:featuredmedia":[{"embeddable":true,"href":"https:\/\/www.acapulcopress.com\/index.php\/wp-json\/"}],"wp:attachment":[{"href":"https:\/\/www.acapulcopress.com\/index.php\/wp-json\/wp\/v2\/media?parent=1220432"}],"wp:term":[{"taxonomy":"category","embeddable":true,"href":"https:\/\/www.acapulcopress.com\/index.php\/wp-json\/wp\/v2\/categories?post=1220432"},{"taxonomy":"post_tag","embeddable":true,"href":"https:\/\/www.acapulcopress.com\/index.php\/wp-json\/wp\/v2\/tags?post=1220432"}],"curies":[{"name":"wp","href":"https:\/\/api.w.org\/{rel}","templated":true}]}}