{"id":1220447,"date":"2021-02-01T23:59:01","date_gmt":"2021-02-02T05:59:01","guid":{"rendered":"https:\/\/www.acapulcopress.com\/?p=1220447"},"modified":"2021-02-01T23:59:01","modified_gmt":"2021-02-02T05:59:01","slug":"morena-alista-iniciativa-para-regular-redes-sociales-en-mexico","status":"publish","type":"post","link":"https:\/\/www.acapulcopress.com\/index.php\/2021\/02\/01\/morena-alista-iniciativa-para-regular-redes-sociales-en-mexico\/","title":{"rendered":"Morena alista iniciativa para regular redes sociales en M\u00e9xico"},"content":{"rendered":"<p style=\"text-align: justify;\">CIUDAD DE M\u00c9XICO. * 1 de febrero de 2021.<br \/>\n<em>] <a href=\"https:\/\/latinus.us\/2021\/02\/01\/monreal-alista-iniciativa-regular-redes-sociales\/\" target=\"_blank\" rel=\"noopener\">Latinus<\/a>.<\/em><\/p>\n<p style=\"text-align: justify;\">El presidente de la Junta de Coordinaci\u00f3n Pol\u00edtica en el Senado, Ricardo Monreal, anunci\u00f3 este lunes que se reunir\u00e1 con directivos de Facebook y Twitter para hablar sobre la posibilidad de regulaci\u00f3n de las redes sociales, pues asegur\u00f3 que ya tiene lista la iniciativa, pero indic\u00f3 que esperar\u00e1 para tener la opini\u00f3n de los directivos de las redes sociales.<\/p>\n<p style=\"text-align: justify;\">En conferencia de prensa, asegur\u00f3 que la iniciativa es una modificaci\u00f3n a la Ley de Telecomunicaciones y Radiodifusi\u00f3n, cuyo prop\u00f3sito es analizar y cambiar diversos art\u00edculos para proteger el derecho de informaci\u00f3n y al derecho a la libertad de expresi\u00f3n.<\/p>\n<p style=\"text-align: justify;\">\u201cQue no sea un ente privado, por muy poderoso que sea, por muy rico que est\u00e9 en materia econ\u00f3mica, el que decida qu\u00e9 personas y qu\u00e9 contenidos suprimir de su red\u201d, se\u00f1al\u00f3.<\/p>\n<p style=\"text-align: justify;\">Monreal a\u00f1adi\u00f3 que a\u00fan no va a presentar la iniciativa debido a que tambi\u00e9n esperar\u00e1 las opiniones de los comisionados del Instituto Federal de Telecomunicaciones (IFT), as\u00ed como de la secretaria de Gobernaci\u00f3n, Olga S\u00e1nchez Cordero, a quienes enviar\u00e1 una copia de la misma.<\/p>\n<p style=\"text-align: justify;\">\u201cEspero formalizarla en los pr\u00f3ximos dos o tres d\u00edas (\u2026). Es una iniciativa que va generar reacciones y movilizaci\u00f3n en las redes\u201d, precis\u00f3.<\/p>\n<p style=\"text-align: justify;\">El senador por Morena, asegur\u00f3 que la regulaci\u00f3n de las redes sociales es necesaria porque el Internet y el ciberespacio son propiedad de la naci\u00f3n.<\/p>\n<p style=\"text-align: justify;\">\u201cPor eso el regularlas ayuda a que todos est\u00e9n en condiciones similares para la prestaci\u00f3n del servicio p\u00fablico que es el derecho a la informaci\u00f3n y el derecho a la manifestaci\u00f3n y expresi\u00f3n de ideas\u201d, se\u00f1al\u00f3.<\/p>\n<p style=\"text-align: justify;\">La secretaria de Gobernaci\u00f3n, Olga S\u00e1nchez Cordero, anunci\u00f3 tambi\u00e9n esta ma\u00f1ana que la Unidad de Normatividad de Medios de Comunicaci\u00f3n de la Subsecretar\u00eda de Gobierno realiza un estudio con relaci\u00f3n a la posibilidad de regular las redes sociales.<\/p>\n<p style=\"text-align: justify;\">La medida anunciada por ambos funcionarios se da luego de que en d\u00edas pasados Twitter suspendi\u00f3 varias cuentas afines al gobierno del presidente de M\u00e9xico, Andr\u00e9s Manuel L\u00f3pez Obrador.<\/p>\n<p style=\"text-align: justify;\">El pasado 21 de enero, Twitter bloque\u00f3 las cuentas de cibernautas afines con L\u00f3pez Obrador y la Cuarta Transformaci\u00f3n debido a que violaron reglas relacionadas con el spam y la manipulaci\u00f3n en dicha plataforma.<\/p>\n<p style=\"text-align: justify;\">\u201cDefinimos manipulaci\u00f3n como el uso de Twitter para llevar a cabo acciones masivas, de alta intensidad o enga\u00f1osas que confundan a las personas o que obstaculicen su experiencia\u201d, se indic\u00f3 en la cuenta Twitter Seguro de la red social.<\/p>\n","protected":false},"excerpt":{"rendered":"<p>CIUDAD DE M\u00c9XICO. * 1 de febrero de 2021. ] Latinus. El presidente de la Junta de Coordinaci\u00f3n Pol\u00edtica en el Senado, Ricardo Monreal, anunci\u00f3 este lunes que se reunir\u00e1 con directivos de Facebook y Twitter para hablar sobre la posibilidad de regulaci\u00f3n de las redes sociales, pues asegur\u00f3 que ya tiene lista la iniciativa,&#8230;<\/p>\n","protected":false},"author":2,"featured_media":1220448,"comment_status":"closed","ping_status":"closed","sticky":false,"template":"","format":"standard","meta":{"footnotes":""},"categories":[2068,1988],"tags":[8318,15377,15590,17455],"class_list":["post-1220447","post","type-post","status-publish","format-standard","has-post-thumbnail","hentry","category-redes-sociales","category-lifestyles","tag-facebook","tag-redes-sociales","tag-ricardo-monreal-avila","tag-twitter"],"_links":{"self":[{"href":"https:\/\/www.acapulcopress.com\/index.php\/wp-json\/wp\/v2\/posts\/1220447","targetHints":{"allow":["GET"]}}],"collection":[{"href":"https:\/\/www.acapulcopress.com\/index.php\/wp-json\/wp\/v2\/posts"}],"about":[{"href":"https:\/\/www.acapulcopress.com\/index.php\/wp-json\/wp\/v2\/types\/post"}],"author":[{"embeddable":true,"href":"https:\/\/www.acapulcopress.com\/index.php\/wp-json\/wp\/v2\/users\/2"}],"replies":[{"embeddable":true,"href":"https:\/\/www.acapulcopress.com\/index.php\/wp-json\/wp\/v2\/comments?post=1220447"}],"version-history":[{"count":0,"href":"https:\/\/www.acapulcopress.com\/index.php\/wp-json\/wp\/v2\/posts\/1220447\/revisions"}],"wp:featuredmedia":[{"embeddable":true,"href":"https:\/\/www.acapulcopress.com\/index.php\/wp-json\/"}],"wp:attachment":[{"href":"https:\/\/www.acapulcopress.com\/index.php\/wp-json\/wp\/v2\/media?parent=1220447"}],"wp:term":[{"taxonomy":"category","embeddable":true,"href":"https:\/\/www.acapulcopress.com\/index.php\/wp-json\/wp\/v2\/categories?post=1220447"},{"taxonomy":"post_tag","embeddable":true,"href":"https:\/\/www.acapulcopress.com\/index.php\/wp-json\/wp\/v2\/tags?post=1220447"}],"curies":[{"name":"wp","href":"https:\/\/api.w.org\/{rel}","templated":true}]}}