{"id":1220480,"date":"2021-02-02T18:42:18","date_gmt":"2021-02-03T00:42:18","guid":{"rendered":"https:\/\/www.acapulcopress.com\/?p=1220480"},"modified":"2021-02-02T18:42:18","modified_gmt":"2021-02-03T00:42:18","slug":"habra-nueva-distritacion-electoral-al-termino-de-elecciones-2021-anuncia-ine","status":"publish","type":"post","link":"https:\/\/www.acapulcopress.com\/index.php\/2021\/02\/02\/habra-nueva-distritacion-electoral-al-termino-de-elecciones-2021-anuncia-ine\/","title":{"rendered":"Habr\u00e1 nueva distritaci\u00f3n electoral al t\u00e9rmino de elecciones 2021, anuncia INE"},"content":{"rendered":"<p style=\"text-align: justify;\">CIUDAD DE M\u00c9XICO. * 2 de febrero de 2021.<br \/>\n<em>] INE.<\/em><\/p>\n<p style=\"text-align: justify;\">Al participar en la conferencia \u201cImportancia y usos de la informaci\u00f3n del Censo de Poblaci\u00f3n y Vivienda 2020\u201d, el Consejero Presidente del Instituto Nacional Electoral (INE), Lorenzo C\u00f3rdova Vianello asegur\u00f3 que, al t\u00e9rmino del Proceso Electoral Federal y Locales 2020-2021, el INE ejercer\u00e1 su atribuci\u00f3n para determinar y actualizar la nueva geograf\u00eda electoral mediante el trazo de una nueva distritaci\u00f3n federal y local, la cual tendr\u00e1 como base los resultados del Censo.<\/p>\n<p style=\"text-align: justify;\">El Consejero Presidente enfatiz\u00f3 que el equilibrio poblacional de los distritos debe contribuir a igualar el valor de la representaci\u00f3n pol\u00edtica para, con ello, estimular el principio democr\u00e1tico de un ciudadano, un voto.<\/p>\n<p style=\"text-align: justify;\">\u201cSe trata de que cada representante sea elegido por una cantidad similar de habitantes y que represente a un n\u00famero similar de mexicanas y mexicanos. De ello depende un principio b\u00e1sico de la democracia que el voto de cada ciudadana y ciudadano tenga el mismo grado de influencia en las decisiones colectivas\u201d, precis\u00f3.<\/p>\n<p style=\"text-align: justify;\">La informaci\u00f3n del Censo 2020 se\u00f1ala que la poblaci\u00f3n total del pa\u00eds es ahora de m\u00e1s de 126 millones de personas, 13.6 millones m\u00e1s que en 2010, por lo que la nueva media nacional para los distritos electorales aumentar\u00e1 a 420 mil personas por distrito.<\/p>\n<p style=\"text-align: justify;\">En funci\u00f3n de c\u00f3mo se den los flujos migratorios se podr\u00eda alterar el equilibrio poblacional de algunos distritos y circunscripciones plurinominales, indic\u00f3.<\/p>\n<p style=\"text-align: justify;\">Agreg\u00f3 que la cifra actualizada de 7.4 millones de personas que se autoadscriben como ind\u00edgenas es relevante para determinar lo que la ley en la materia impone al INE, pues con base en el Censo 2010 se definieron 28 distritos electorales federales con poblaci\u00f3n ind\u00edgena.<\/p>\n<p style=\"text-align: justify;\"><strong>M\u00e9xico vive un periodo de envejecimiento<\/strong><\/p>\n<p style=\"text-align: justify;\">Al exponer los Resultados del Censo de Poblaci\u00f3n y Vivienda 2020, Julio Santaella Castell, presidente del INEGI, <img loading=\"lazy\" decoding=\"async\" class=\"alignleft size-medium wp-image-1220481\" src=\"https:\/\/www.acapulco.press\/wp-content\/uploads\/2021\/02\/Julio-Santaella-Castell-375x218.jpg\" alt=\"\" width=\"375\" height=\"218\" \/>resalt\u00f3 que la poblaci\u00f3n de 126 millones 014 mil 024 personas implica un crecimiento demogr\u00e1fico del 1.2% en 10 a\u00f1os. Es decir, una disminuci\u00f3n con respecto al 3% observada en los a\u00f1os sesenta.<\/p>\n<p style=\"text-align: justify;\">En la composici\u00f3n por sexo mencion\u00f3 que el 51.2% son mujeres (64 millones, 540 mil 634 y 48.8%, hombres (61 millones 473 390), con diferencias en los estados de la Rep\u00fablica.<\/p>\n<p style=\"text-align: justify;\">\u201cM\u00e9xico vive un periodo de envejecimiento\u201d, se\u00f1al\u00f3, con una mayor proporci\u00f3n de personas mayores de 30 a\u00f1os y una menor proporci\u00f3n de menores a los 29 a\u00f1os.<\/p>\n<p style=\"text-align: justify;\">Enseguida, la Secretaria de Gobernaci\u00f3n, Olga S\u00e1nchez Cordero mencion\u00f3 la importancia de la informaci\u00f3n del <img loading=\"lazy\" decoding=\"async\" class=\"alignleft size-medium wp-image-1220483\" src=\"https:\/\/www.acapulco.press\/wp-content\/uploads\/2021\/02\/Olga-Sanchez-Cordero-375x217.jpg\" alt=\"\" width=\"375\" height=\"217\" \/>Censo para la pol\u00edtica de poblaci\u00f3n del Gobierno de M\u00e9xico. \u201cSon un espejo que nos refleja como sociedad\u201d, dijo, por lo que consider\u00f3 que las tasas de natalidad y fertilidad muestran que \u201ces momento de actualizar\u201d la Ley General de Poblaci\u00f3n y las pol\u00edticas p\u00fablicas para que correspondan a la realidad.<\/p>\n<p style=\"text-align: justify;\">Destac\u00f3 que el Censo de Poblaci\u00f3n y Vivienda 2020 muestra que el pa\u00eds est\u00e1 en un proceso de envejecimiento relativo, ya que la edad promedio es de 29 a\u00f1os. \u201cEl llamado bono demogr\u00e1fico entendido como la ventaja de contar con poblaci\u00f3n menor a 30 a\u00f1os, est\u00e1 por agotarse\u201d y hay una disminuci\u00f3n en el promedio de 2.1 hijos nacidos vivos por mujer.<\/p>\n<p style=\"text-align: justify;\">El Secretario de Hacienda y Cr\u00e9dito P\u00fablico, Arturo Herrera Guti\u00e9rrez, asegur\u00f3 que el Censo 2020 ser\u00e1 el elemento <img loading=\"lazy\" decoding=\"async\" class=\"alignleft size-medium wp-image-1220484\" src=\"https:\/\/www.acapulco.press\/wp-content\/uploads\/2021\/02\/Arturo-Herrera-Gutierrez-375x226.jpg\" alt=\"\" width=\"375\" height=\"226\" \/>que definir\u00e1 la distribuci\u00f3n de recursos para cada entidad y municipio, de acuerdo con la informaci\u00f3n del Censo.<\/p>\n<p style=\"text-align: justify;\">\u201cNo es un asunto menor, dependiendo de cu\u00e1nto le toca a cada entidad es el gasto que habr\u00e1 en alumbrado p\u00fablico, en agua, inseguridad, protecci\u00f3n, en salud, donde la variable m\u00e1s importante es la poblaci\u00f3n\u201d, abund\u00f3, al agregar que tambi\u00e9n ayudar\u00e1 a determinar la log\u00edstica para la aplicaci\u00f3n de la vacuna del COVID-19.<\/p>\n<p style=\"text-align: justify;\">En la conferencia tambi\u00e9n participaron el presidente de la Junta de Coordinaci\u00f3n Pol\u00edtica del Senado de la Rep\u00fablica, Ricardo Monreal; el Secretario Ejecutivo del Consejo Nacional de Evaluaci\u00f3n de la Pol\u00edtica de Desarrollo Social, Jos\u00e9 Nabor Cruz; el presidente del Consejo Coordinador Empresarial, Carlos Salazar; el director de la divisi\u00f3n de Estad\u00edstica de las Naciones Unidas, Stefan Schweinfest; el Gobernador de Colima, Jos\u00e9 Ignacio Peralta y la Presidenta de El Colegio de M\u00e9xico, Silvia Giorguli Saucedo, entre otros.<\/p>\n","protected":false},"excerpt":{"rendered":"<p>CIUDAD DE M\u00c9XICO. * 2 de febrero de 2021. ] INE. Al participar en la conferencia \u201cImportancia y usos de la informaci\u00f3n del Censo de Poblaci\u00f3n y Vivienda 2020\u201d, el Consejero Presidente del Instituto Nacional Electoral (INE), Lorenzo C\u00f3rdova Vianello asegur\u00f3 que, al t\u00e9rmino del Proceso Electoral Federal y Locales 2020-2021, el INE ejercer\u00e1 su&#8230;<\/p>\n","protected":false},"author":2,"featured_media":1220482,"comment_status":"closed","ping_status":"closed","sticky":false,"template":"","format":"standard","meta":{"footnotes":""},"categories":[1969],"tags":[4198,5454,10307,11338,16197,16200],"class_list":["post-1220480","post","type-post","status-publish","format-standard","has-post-thumbnail","hentry","category-trending","tag-arturo-herrera-gutierrez","tag-censo-de-poblacion-y-vivienda-2020","tag-instituto-nacional-de-estadistica-geografica-e-informatica-inegi","tag-julio-santaella-castell","tag-secretaria-de-gobernacion-segob","tag-secretaria-de-hacienda-y-credito-publico-shcp"],"_links":{"self":[{"href":"https:\/\/www.acapulcopress.com\/index.php\/wp-json\/wp\/v2\/posts\/1220480","targetHints":{"allow":["GET"]}}],"collection":[{"href":"https:\/\/www.acapulcopress.com\/index.php\/wp-json\/wp\/v2\/posts"}],"about":[{"href":"https:\/\/www.acapulcopress.com\/index.php\/wp-json\/wp\/v2\/types\/post"}],"author":[{"embeddable":true,"href":"https:\/\/www.acapulcopress.com\/index.php\/wp-json\/wp\/v2\/users\/2"}],"replies":[{"embeddable":true,"href":"https:\/\/www.acapulcopress.com\/index.php\/wp-json\/wp\/v2\/comments?post=1220480"}],"version-history":[{"count":0,"href":"https:\/\/www.acapulcopress.com\/index.php\/wp-json\/wp\/v2\/posts\/1220480\/revisions"}],"wp:featuredmedia":[{"embeddable":true,"href":"https:\/\/www.acapulcopress.com\/index.php\/wp-json\/"}],"wp:attachment":[{"href":"https:\/\/www.acapulcopress.com\/index.php\/wp-json\/wp\/v2\/media?parent=1220480"}],"wp:term":[{"taxonomy":"category","embeddable":true,"href":"https:\/\/www.acapulcopress.com\/index.php\/wp-json\/wp\/v2\/categories?post=1220480"},{"taxonomy":"post_tag","embeddable":true,"href":"https:\/\/www.acapulcopress.com\/index.php\/wp-json\/wp\/v2\/tags?post=1220480"}],"curies":[{"name":"wp","href":"https:\/\/api.w.org\/{rel}","templated":true}]}}