{"id":1220550,"date":"2021-02-03T00:01:02","date_gmt":"2021-02-03T06:01:02","guid":{"rendered":"https:\/\/www.acapulcopress.com\/?p=1220550"},"modified":"2021-02-03T00:01:02","modified_gmt":"2021-02-03T06:01:02","slug":"oficinas-del-poder-ejecutivo-seguiran-operando-con-personal-necesario-astudillo","status":"publish","type":"post","link":"https:\/\/www.acapulcopress.com\/index.php\/2021\/02\/03\/oficinas-del-poder-ejecutivo-seguiran-operando-con-personal-necesario-astudillo\/","title":{"rendered":"Oficinas del Poder Ejecutivo seguir\u00e1n operando con personal necesario | Astudillo"},"content":{"rendered":"<p style=\"text-align: justify;\">CHILPANCINGO. * 2 de febrero de 2021.<br \/>\n<em>] Gobierno de Guerrero.<\/em><\/p>\n<p style=\"text-align: justify;\">El gobernador H\u00e9ctor Astudillo Flores presidi\u00f3 la ceremonia mensual de honores a la bandera, donde inform\u00f3 que las actividades en las oficinas del Poder Ejecutivo se seguir\u00e1n realizando con personal estrictamente necesario para evitar aglomeraciones y contagios de Covid-19.<\/p>\n<p style=\"text-align: justify;\">En la explanada Vicente Guerrero, acompa\u00f1ado de su esposa, la presidenta del DIF Guerrero, el titular del Ejecutivo guerrerense se\u00f1al\u00f3 que ya se cumplieron diez meses en que se trabaja con personal m\u00ednimo y previ\u00f3 que as\u00ed continuar\u00e1 en los pr\u00f3ximos meses.<\/p>\n<p style=\"text-align: justify;\">\u201cEstamos lamentablemente en sem\u00e1foro rojo, tenemos que irnos acomodando a esta circunstancia compleja de salud, el problema no se ha resuelto, sino por el contrario, creo que en las \u00faltimas tres semanas de enero el indicador del Covid-19 se elev\u00f3\u201d, puntualiz\u00f3.<\/p>\n<p style=\"text-align: justify;\">Ante esta circunstancia sanitaria, Astudillo Flores convoc\u00f3 a sus funcionarios a cuidar al personal y mantener las medidas sanitarias entre quienes est\u00e1n laborando a trav\u00e9s de guardias.<\/p>\n<p style=\"text-align: justify;\">Dijo que el gobierno del estado estar\u00e1 atento a la estrategia de la federaci\u00f3n para aplicar las vacunas en la entidad.<\/p>\n<p style=\"text-align: justify;\">En lo que eso sucede, Astudillo Flores llam\u00f3 a la conciencia de la poblaci\u00f3n para usar cubrebocas y mantener la sana distancia.<\/p>\n<p style=\"text-align: justify;\">\u201cEn esta situaci\u00f3n cr\u00edtica lo m\u00e1s importante es la salud, sin olvidar que el pueblo de Guerrero ha vivido tradicionalmente en parte importante de la actividad tur\u00edstica, de los ingresos que genera precisamente la presencia del turismo, pero tambi\u00e9n se deben tener las medidas correspondientes para cuidar a todos los que trabajan en el sector tur\u00edstico\u201d, apunt\u00f3.<\/p>\n<p style=\"text-align: justify;\">A este acto c\u00edvico tambi\u00e9n asistieron la presidenta de la Mesa Directiva del Congreso local, Eunice Monz\u00f3n Garc\u00eda; el presidente del Tribunal Superior de Justicia, Alberto L\u00f3pez Celis; el comandante de la Novena Regi\u00f3n Militar,<br \/>\nEufemio Ibarra Flores; el comandante de la Octava Regi\u00f3n Naval, Julio C\u00e9sar Pescina \u00c1vila; el comandante de la 35 zona militar, Miguel \u00c1ngel Aguirre Lara; el coordinador Estatal de la Guardia Nacional, Lucio Vergara G\u00f3mez; as\u00ed como el secretario de Finanzas y Administraci\u00f3n, Tulio Samuel P\u00e9rez Calvo.<\/p>\n","protected":false},"excerpt":{"rendered":"<p>CHILPANCINGO. * 2 de febrero de 2021. ] Gobierno de Guerrero. El gobernador H\u00e9ctor Astudillo Flores presidi\u00f3 la ceremonia mensual de honores a la bandera, donde inform\u00f3 que las actividades en las oficinas del Poder Ejecutivo se seguir\u00e1n realizando con personal estrictamente necesario para evitar aglomeraciones y contagios de Covid-19. En la explanada Vicente Guerrero,&#8230;<\/p>\n","protected":false},"author":2,"featured_media":1220551,"comment_status":"closed","ping_status":"closed","sticky":false,"template":"","format":"standard","meta":{"footnotes":""},"categories":[1972,18573,18574,1983],"tags":[9705],"class_list":["post-1220550","post","type-post","status-publish","format-standard","has-post-thumbnail","hentry","category-special","category-goverment","category-gobierno-la-foto","category-guerrerogob","tag-hector-astudillo-flores"],"_links":{"self":[{"href":"https:\/\/www.acapulcopress.com\/index.php\/wp-json\/wp\/v2\/posts\/1220550","targetHints":{"allow":["GET"]}}],"collection":[{"href":"https:\/\/www.acapulcopress.com\/index.php\/wp-json\/wp\/v2\/posts"}],"about":[{"href":"https:\/\/www.acapulcopress.com\/index.php\/wp-json\/wp\/v2\/types\/post"}],"author":[{"embeddable":true,"href":"https:\/\/www.acapulcopress.com\/index.php\/wp-json\/wp\/v2\/users\/2"}],"replies":[{"embeddable":true,"href":"https:\/\/www.acapulcopress.com\/index.php\/wp-json\/wp\/v2\/comments?post=1220550"}],"version-history":[{"count":0,"href":"https:\/\/www.acapulcopress.com\/index.php\/wp-json\/wp\/v2\/posts\/1220550\/revisions"}],"wp:featuredmedia":[{"embeddable":true,"href":"https:\/\/www.acapulcopress.com\/index.php\/wp-json\/"}],"wp:attachment":[{"href":"https:\/\/www.acapulcopress.com\/index.php\/wp-json\/wp\/v2\/media?parent=1220550"}],"wp:term":[{"taxonomy":"category","embeddable":true,"href":"https:\/\/www.acapulcopress.com\/index.php\/wp-json\/wp\/v2\/categories?post=1220550"},{"taxonomy":"post_tag","embeddable":true,"href":"https:\/\/www.acapulcopress.com\/index.php\/wp-json\/wp\/v2\/tags?post=1220550"}],"curies":[{"name":"wp","href":"https:\/\/api.w.org\/{rel}","templated":true}]}}