{"id":1220562,"date":"2021-02-03T00:38:11","date_gmt":"2021-02-03T06:38:11","guid":{"rendered":"https:\/\/www.acapulcopress.com\/?p=1220562"},"modified":"2021-02-03T00:38:11","modified_gmt":"2021-02-03T06:38:11","slug":"destinos-turisticos-de-guerrero-estan-abiertos-pero-con-reglas-y-protocolos-gobernador","status":"publish","type":"post","link":"https:\/\/www.acapulcopress.com\/index.php\/2021\/02\/03\/destinos-turisticos-de-guerrero-estan-abiertos-pero-con-reglas-y-protocolos-gobernador\/","title":{"rendered":"Destinos tur\u00edsticos de Guerrero est\u00e1n abiertos, pero con reglas y protocolos | Gobernador"},"content":{"rendered":"<p style=\"text-align: justify;\">CHILPANCINGO. * 2 de febrero de 2021.<br \/>\n<em>] Gobierno de Guerrero.<\/em><\/p>\n<p style=\"text-align: justify;\">Durante la transmisi\u00f3n 296 de seguimiento a la evoluci\u00f3n del Covid-19 en la entidad, el gobernador H\u00e9ctor Astudillo Flores consider\u00f3 lo importante que es cuidar al turista que visita a los destinos tur\u00edsticos de Guerrero, pero que tambi\u00e9n \u00e9ste cuide a los guerrerenses, tomando con responsabilidad las medidas sanitarias vigentes, por lo que se llevan a cabo medidas restrictivas.<\/p>\n<p style=\"text-align: justify;\">En este contexto, record\u00f3 que el rebrote de Covid-19, que se present\u00f3 en el pa\u00eds y en todo el mundo a inicios del presente a\u00f1o, es consecuencia de la movilidad registrada en diciembre, y confi\u00f3 que como resultado del trabajo que se realiza al transitar al color rojo del sem\u00e1foro de riesgo epidemiol\u00f3gico, en febrero se descienda la incidencia de contagios por este virus.<\/p>\n<p style=\"text-align: justify;\">En este sentido, indic\u00f3 que al momento no hay ninguna playa cerrada en el pa\u00eds, pero que no se deben tomar acciones que afecten a esta actividad m\u00e1s de lo que el Covid-19 lo ha hecho, pero si ser m\u00e1s rigurosos en que las personas que vayan y caminen en las playas, usen el cubrebocas.<\/p>\n<p style=\"text-align: justify;\">Tambi\u00e9n reconoci\u00f3 que la di\u00f3cesis Chilpancingo-Chilapa se sume a estas tareas preventivas, con la suspensi\u00f3n de todo evento religioso con motivo de la Semana Santa, recordando que en Guerrero est\u00e1n suspendidas las actividades religiosas y todas aquellas que generan aglomeraciones<\/p>\n<p style=\"text-align: justify;\">El Ejecutivo estatal H\u00e9ctor aplaudi\u00f3 la propuesta del secretario de Turismo del gobierno federal, Miguel Torruco Marqu\u00e9s para declarar al turismo como actividad esencial, porque Guerrero es un estado que vive de esta actividad, pero con sus medidas restrictivas en favor de la poblaci\u00f3n.<\/p>\n<p style=\"text-align: justify;\">En este tema, Ernesto Rodr\u00edguez Escalona, secretario de Turismo en la entidad, se\u00f1al\u00f3 que el fin de semana largo del 5 de febrero del a\u00f1o pasado, llegaron a los destinos tur\u00edsticos de Guerrero m\u00e1s de 160 mil turistas, y que el fin de semana pasado lo hicieron 45,666 visitantes, 71.6 por ciento menor en relaci\u00f3n al 2020 y con una derrama econ\u00f3mica de 405 millones de pesos, en tanto que en 2021 ascendi\u00f3 a 109 millones de pesos.<\/p>\n<p style=\"text-align: justify;\">Asimismo, consider\u00f3 importante que los prestadores de servicios tur\u00edsticos informen que los destinos tur\u00edsticos de Guerrero no est\u00e1n cerrados, que est\u00e1n abiertos, pero con reglas y protocolos que se tienen que cumplir, por lo que solicit\u00f3 su apoyo a los turistas para que en la zona de playa usen el cubreboca y mantengan la sana distancia, para evitar el aumento de contagios.<\/p>\n<p style=\"text-align: justify;\">Agreg\u00f3 que el gobernador ha instruido implementar el programa \u201cGuerrero Punto Limpio\u201d, ahora en una modalidad diferente, con una exposici\u00f3n a los empresarios de la situaci\u00f3n del turismo ante el Covid-19 en M\u00e9xico y en el mundo, y que un m\u00e9dico especialista va a exponer lo delicado que es este virus, para que los empresarios hagan conciencia de c\u00f3mo cuidarse en sus empresas y hacer lo propio con sus trabajadores y sus familias.<\/p>\n<p style=\"text-align: justify;\">En su oportunidad, el secretario de Salud, Carlos de la Pe\u00f1a Pintos en Guerrero 31,693 casos confirmados acumulados y 3,127 defunciones con la ocurrencia de 95 nuevos casos en las \u00faltimas 24 horas, que presenta una considerable reducci\u00f3n en la tasa de incidencia en comparaci\u00f3n a los \u00faltimos d\u00edas, derivado de la atenci\u00f3n inmediata como la toma de muestras y pruebas r\u00e1pidas de ant\u00edgeno.<\/p>\n<p style=\"text-align: justify;\">Asimismo, indic\u00f3 que la tendencia de hospitalizaci\u00f3n se ha mantenido estable, teniendo al d\u00eda de hoy 421 pacientes internados, y 78 intubados en situaci\u00f3n cr\u00edtica. En el rubro de ocupaci\u00f3n hospitalaria, el funcionario estatal indic\u00f3 que se tiene un 60 por ciento, por arriba de la media nacional que es del 56 por ciento, y en cuanto al uso de ventiladores, se tiene un 36 por ciento, inferior a la media nacional que es del 52 por ciento.<\/p>\n","protected":false},"excerpt":{"rendered":"<p>CHILPANCINGO. * 2 de febrero de 2021. ] Gobierno de Guerrero. Durante la transmisi\u00f3n 296 de seguimiento a la evoluci\u00f3n del Covid-19 en la entidad, el gobernador H\u00e9ctor Astudillo Flores consider\u00f3 lo importante que es cuidar al turista que visita a los destinos tur\u00edsticos de Guerrero, pero que tambi\u00e9n \u00e9ste cuide a los guerrerenses, tomando&#8230;<\/p>\n","protected":false},"author":2,"featured_media":1220563,"comment_status":"closed","ping_status":"closed","sticky":false,"template":"","format":"standard","meta":{"footnotes":""},"categories":[18573,1983],"tags":[6705,9302,9705,16421],"class_list":["post-1220562","post","type-post","status-publish","format-standard","has-post-thumbnail","hentry","category-goverment","category-guerrerogob","tag-covid19","tag-gobierno-de-guerrero","tag-hector-astudillo-flores","tag-semaforo-de-riesgo-covid19"],"_links":{"self":[{"href":"https:\/\/www.acapulcopress.com\/index.php\/wp-json\/wp\/v2\/posts\/1220562","targetHints":{"allow":["GET"]}}],"collection":[{"href":"https:\/\/www.acapulcopress.com\/index.php\/wp-json\/wp\/v2\/posts"}],"about":[{"href":"https:\/\/www.acapulcopress.com\/index.php\/wp-json\/wp\/v2\/types\/post"}],"author":[{"embeddable":true,"href":"https:\/\/www.acapulcopress.com\/index.php\/wp-json\/wp\/v2\/users\/2"}],"replies":[{"embeddable":true,"href":"https:\/\/www.acapulcopress.com\/index.php\/wp-json\/wp\/v2\/comments?post=1220562"}],"version-history":[{"count":0,"href":"https:\/\/www.acapulcopress.com\/index.php\/wp-json\/wp\/v2\/posts\/1220562\/revisions"}],"wp:featuredmedia":[{"embeddable":true,"href":"https:\/\/www.acapulcopress.com\/index.php\/wp-json\/"}],"wp:attachment":[{"href":"https:\/\/www.acapulcopress.com\/index.php\/wp-json\/wp\/v2\/media?parent=1220562"}],"wp:term":[{"taxonomy":"category","embeddable":true,"href":"https:\/\/www.acapulcopress.com\/index.php\/wp-json\/wp\/v2\/categories?post=1220562"},{"taxonomy":"post_tag","embeddable":true,"href":"https:\/\/www.acapulcopress.com\/index.php\/wp-json\/wp\/v2\/tags?post=1220562"}],"curies":[{"name":"wp","href":"https:\/\/api.w.org\/{rel}","templated":true}]}}