{"id":1220570,"date":"2021-02-03T01:00:25","date_gmt":"2021-02-03T07:00:25","guid":{"rendered":"https:\/\/www.acapulcopress.com\/?p=1220570"},"modified":"2021-02-03T01:00:25","modified_gmt":"2021-02-03T07:00:25","slug":"secretaria-de-salud-ampliara-capacidad-de-pagina-de-registro-de-vacunacion","status":"publish","type":"post","link":"https:\/\/www.acapulcopress.com\/index.php\/2021\/02\/03\/secretaria-de-salud-ampliara-capacidad-de-pagina-de-registro-de-vacunacion\/","title":{"rendered":"Secretar\u00eda de Salud ampliar\u00e1 capacidad de p\u00e1gina de registro de vacunaci\u00f3n"},"content":{"rendered":"<p style=\"text-align: justify;\">CIUDAD DE M\u00c9XICO. * 2 de febrero de 2021.<br \/>\n<em>] <a href=\"https:\/\/www.forbes.com.mx\/noticias-ante-saturacion-ssa-ampliara-capacidad-de-pagina-de-registro-de-vacunacion\/\" target=\"_blank\" rel=\"noopener\">Forbes<\/a>.<\/em><\/p>\n<p style=\"text-align: justify;\">La secretar\u00eda de Salud inform\u00f3 que la capacidad de la plataforma donde los adultos mayores pueden registrarse para recibir la vacuna contra Covid-19, mivacuna.salud.gob.mx, ser\u00e1 ampliada para evitar saturaci\u00f3n e incluso \u201cca\u00eddas\u201d de la misma como ocurri\u00f3 este martes, d\u00eda en que fue habilitada para su funcionamiento.<\/p>\n<p style=\"text-align: justify;\">Hugo L\u00f3pez-Gatell, subsecretario de Prevenci\u00f3n y Promoci\u00f3n de la Salud, inform\u00f3 que la respuesta por parte de la gente para el registro fue inmediata, lo cual satur\u00f3 la plataforma pero ya trabajan en la ampliaci\u00f3n de la capacidad de la misma.<\/p>\n<p style=\"text-align: justify;\">\u201cEstas consultas fueron de una magnitud, de una frecuencia inusual, se estuvieron registrando, en alg\u00fan momento m\u00e1s de 65 mil a 70 mil entradas a la plataforma por segundo, esto obviamente satur\u00f3 el sistema\u201d, explic\u00f3 el funcionario durante la conferencia de prensa vespertina de la secretar\u00eda de Salud, desde Palacio Nacional.<\/p>\n<p style=\"text-align: justify;\">L\u00f3pez-Gatell hizo un llamado a la gente para que no se desespere, ya que pasando esta demanda inicial podr\u00e1n registrarse sin problema.<\/p>\n<p style=\"text-align: justify;\">\u201cNo hay ning\u00fan problema, no pasa nada porque en unos pocos d\u00edas esta curiosidad inicial se empezar\u00e1 a organizar, lo que recomendamos es, por un lado esperar, no se desespere, si hoy no lo logr\u00f3 hacer, esp\u00e9rese uno o dos d\u00edas, de todos modos la vacunaci\u00f3n no va a ser esta misma semana y eso va a permitir que usted encuentre menos saturaci\u00f3n\u201d, dijo.<\/p>\n<p style=\"text-align: justify;\">El funcionario mencion\u00f3 que la secretar\u00eda de Salud, a trav\u00e9s del ingeniero C\u00e9sar V\u00e9lez, quien est\u00e1 a cargo de la Direcci\u00f3n General de Tecnolog\u00edas de la Informaci\u00f3n, ya trabaja en la optimizaci\u00f3n de la plataforma.<\/p>\n<p style=\"text-align: justify;\">\u201cDe todos modos hoy el ingeniero (C\u00e9sar V\u00e9lez) estuvo trabajando para ampliar la capacidad instalada funcional de nuestros servidores en el servicio de arrendamiento para tener un mayor respaldo, recursos que se usaban en otras aplicaciones temporalmente van a ser destinadas a esto\u201d, coment\u00f3.<\/p>\n<p style=\"text-align: justify;\">Durante la conferencia tambi\u00e9n informaron que en el sitio Coronavirus.gob.mx ya hay un acceso directo a la plataforma de registro para vacunarse y una secci\u00f3n con preguntas frecuentes sobre el mismo.<\/p>\n","protected":false},"excerpt":{"rendered":"<p>CIUDAD DE M\u00c9XICO. * 2 de febrero de 2021. ] Forbes. La secretar\u00eda de Salud inform\u00f3 que la capacidad de la plataforma donde los adultos mayores pueden registrarse para recibir la vacuna contra Covid-19, mivacuna.salud.gob.mx, ser\u00e1 ampliada para evitar saturaci\u00f3n e incluso \u201cca\u00eddas\u201d de la misma como ocurri\u00f3 este martes, d\u00eda en que fue habilitada&#8230;<\/p>\n","protected":false},"author":2,"featured_media":1220571,"comment_status":"closed","ping_status":"closed","sticky":false,"template":"","format":"standard","meta":{"footnotes":""},"categories":[1969],"tags":[5415,17742],"class_list":["post-1220570","post","type-post","status-publish","format-standard","has-post-thumbnail","hentry","category-trending","tag-ccovid19","tag-vacuna-sputnik-v"],"_links":{"self":[{"href":"https:\/\/www.acapulcopress.com\/index.php\/wp-json\/wp\/v2\/posts\/1220570","targetHints":{"allow":["GET"]}}],"collection":[{"href":"https:\/\/www.acapulcopress.com\/index.php\/wp-json\/wp\/v2\/posts"}],"about":[{"href":"https:\/\/www.acapulcopress.com\/index.php\/wp-json\/wp\/v2\/types\/post"}],"author":[{"embeddable":true,"href":"https:\/\/www.acapulcopress.com\/index.php\/wp-json\/wp\/v2\/users\/2"}],"replies":[{"embeddable":true,"href":"https:\/\/www.acapulcopress.com\/index.php\/wp-json\/wp\/v2\/comments?post=1220570"}],"version-history":[{"count":0,"href":"https:\/\/www.acapulcopress.com\/index.php\/wp-json\/wp\/v2\/posts\/1220570\/revisions"}],"wp:featuredmedia":[{"embeddable":true,"href":"https:\/\/www.acapulcopress.com\/index.php\/wp-json\/"}],"wp:attachment":[{"href":"https:\/\/www.acapulcopress.com\/index.php\/wp-json\/wp\/v2\/media?parent=1220570"}],"wp:term":[{"taxonomy":"category","embeddable":true,"href":"https:\/\/www.acapulcopress.com\/index.php\/wp-json\/wp\/v2\/categories?post=1220570"},{"taxonomy":"post_tag","embeddable":true,"href":"https:\/\/www.acapulcopress.com\/index.php\/wp-json\/wp\/v2\/tags?post=1220570"}],"curies":[{"name":"wp","href":"https:\/\/api.w.org\/{rel}","templated":true}]}}