{"id":1220577,"date":"2021-02-03T15:47:02","date_gmt":"2021-02-03T21:47:02","guid":{"rendered":"https:\/\/www.acapulcopress.com\/?p=1220577"},"modified":"2021-02-03T15:47:02","modified_gmt":"2021-02-03T21:47:02","slug":"buscara-yair-garcia-hacer-realidad-en-el-congreso-peticiones-de-transportistas-de-acapulco","status":"publish","type":"post","link":"https:\/\/www.acapulcopress.com\/index.php\/2021\/02\/03\/buscara-yair-garcia-hacer-realidad-en-el-congreso-peticiones-de-transportistas-de-acapulco\/","title":{"rendered":"Buscar\u00e1 Yair Garc\u00eda hacer realidad en el Congreso peticiones de transportistas de Acapulco"},"content":{"rendered":"<p style=\"text-align: justify;\">ACAPULCO. * 3 de febrero de 2021.<br \/>\n<em>] Especial.<\/em><\/p>\n<p style=\"text-align: justify;\"><img loading=\"lazy\" decoding=\"async\" class=\"alignleft size-medium wp-image-1220582\" src=\"https:\/\/www.acapulco.press\/wp-content\/uploads\/2021\/02\/YAIR-TAXISTAS5-375x348.jpg\" alt=\"\" width=\"375\" height=\"348\" \/>El Ciudadano de Tiempo Completo, Yair Garc\u00eda Delgado,\u00a0 se comprometi\u00f3 a impulsar en el terreno legislativo las peticiones de los transportistas de Acapulco, quienes tras refrendarle su apoyo al Plan de Acci\u00f3n Ciudadano que encabeza, solicitan oportunidades de cr\u00e9ditos o seguros de vida con los cuales afrontar la pandemia y garantizar el bienestar de sus familias en caso de alg\u00fan les falten.<\/p>\n<p style=\"text-align: justify;\">En reuni\u00f3n con trabajadores del volante en el z\u00f3calo de la ciudad, Ya\u00edr Garc\u00eda y el dirigente transportista Rafael Cortez acordaron reunirse nuevamente con la participaci\u00f3n de integrantes de distintos sitios del transporte de Acapulco a fin de recoger las propuestas que se integrar\u00e1n al Plan de Acci\u00f3n Ciudadano para que sean temas se consideren en los trabajos de la pr\u00f3xima legislaci\u00f3n.<\/p>\n\n","protected":false},"excerpt":{"rendered":"<p>ACAPULCO. * 3 de febrero de 2021. ] Especial. El Ciudadano de Tiempo Completo, Yair Garc\u00eda Delgado,\u00a0 se comprometi\u00f3 a impulsar en el terreno legislativo las peticiones de los transportistas de Acapulco, quienes tras refrendarle su apoyo al Plan de Acci\u00f3n Ciudadano que encabeza, solicitan oportunidades de cr\u00e9ditos o seguros de vida con los cuales&#8230;<\/p>\n","protected":false},"author":2,"featured_media":1220586,"comment_status":"closed","ping_status":"closed","sticky":false,"template":"","format":"standard","meta":{"footnotes":""},"categories":[2024,2053,1972,18561],"tags":[2086,5826,18204],"class_list":["post-1220577","post","type-post","status-publish","format-standard","has-post-thumbnail","hentry","category-politica-activism","category-elecciones-special","category-special","category-society-politics","tag-cuarta-transformacion-4t","tag-ciudadano-de-tiempo-completo","tag-yair-garcia-delgado"],"_links":{"self":[{"href":"https:\/\/www.acapulcopress.com\/index.php\/wp-json\/wp\/v2\/posts\/1220577","targetHints":{"allow":["GET"]}}],"collection":[{"href":"https:\/\/www.acapulcopress.com\/index.php\/wp-json\/wp\/v2\/posts"}],"about":[{"href":"https:\/\/www.acapulcopress.com\/index.php\/wp-json\/wp\/v2\/types\/post"}],"author":[{"embeddable":true,"href":"https:\/\/www.acapulcopress.com\/index.php\/wp-json\/wp\/v2\/users\/2"}],"replies":[{"embeddable":true,"href":"https:\/\/www.acapulcopress.com\/index.php\/wp-json\/wp\/v2\/comments?post=1220577"}],"version-history":[{"count":0,"href":"https:\/\/www.acapulcopress.com\/index.php\/wp-json\/wp\/v2\/posts\/1220577\/revisions"}],"wp:featuredmedia":[{"embeddable":true,"href":"https:\/\/www.acapulcopress.com\/index.php\/wp-json\/"}],"wp:attachment":[{"href":"https:\/\/www.acapulcopress.com\/index.php\/wp-json\/wp\/v2\/media?parent=1220577"}],"wp:term":[{"taxonomy":"category","embeddable":true,"href":"https:\/\/www.acapulcopress.com\/index.php\/wp-json\/wp\/v2\/categories?post=1220577"},{"taxonomy":"post_tag","embeddable":true,"href":"https:\/\/www.acapulcopress.com\/index.php\/wp-json\/wp\/v2\/tags?post=1220577"}],"curies":[{"name":"wp","href":"https:\/\/api.w.org\/{rel}","templated":true}]}}