{"id":1220592,"date":"2021-02-04T16:34:40","date_gmt":"2021-02-04T22:34:40","guid":{"rendered":"https:\/\/www.acapulcopress.com\/?p=1220592"},"modified":"2021-02-04T16:34:40","modified_gmt":"2021-02-04T22:34:40","slug":"fge-captura-a-un-homicida-y-un-abusador-sexual-en-distrito-judicial-de-galeana","status":"publish","type":"post","link":"https:\/\/www.acapulcopress.com\/index.php\/2021\/02\/04\/fge-captura-a-un-homicida-y-un-abusador-sexual-en-distrito-judicial-de-galeana\/","title":{"rendered":"FGE captura a un homicida y un abusador sexual en Distrito Judicial de Galeana"},"content":{"rendered":"<p>CHILPANCINGO. * 4 de febrero de 2021.<br \/>\n<em><img loading=\"lazy\" decoding=\"async\" class=\"alignleft size-medium wp-image-1220594\" src=\"https:\/\/www.acapulco.press\/wp-content\/uploads\/2021\/02\/FGE-LEONARDO-375x375.jpg\" alt=\"\" width=\"375\" height=\"375\" \/>] FGE.<\/em><\/p>\n<p style=\"text-align: justify;\">Fiscal\u00eda de Guerrero a trav\u00e9s de la Polic\u00eda Investigadora Ministerial de Atoyac de \u00c1lvarez, dio cumplimiento a la orden de aprehensi\u00f3n en contra de Aurelio \u00abN\u00bb, detenido sobre el tramo carretero Acapulco-Zihuatanejo a la altura de la colonia La Ol\u00edmpica, como probable responsable del delito de homicidio, quedando a disposici\u00f3n del Juez de Tecpan de Galeana, relacionado con la causa penal 89\/2009-II.<\/p>\n<p style=\"text-align: justify;\">En contraparte, a trav\u00e9s de la Polic\u00eda Investigadora Ministerial,\u00a0 Fiscal\u00eda de Guerrero dio cumplimiento a la orden de aprehensi\u00f3n en contra de quien dijo llamarse Leonardo \u00abN\u00bb, detenido como probable responsable del delito de Abuso Sexual en la causa penal 163\/2012-II, quedando a disposici\u00f3n del Juez Penal del Distrito Judicial de Galeana.<\/p>\n","protected":false},"excerpt":{"rendered":"<p>CHILPANCINGO. * 4 de febrero de 2021. ] FGE. Fiscal\u00eda de Guerrero a trav\u00e9s de la Polic\u00eda Investigadora Ministerial de Atoyac de \u00c1lvarez, dio cumplimiento a la orden de aprehensi\u00f3n en contra de Aurelio \u00abN\u00bb, detenido sobre el tramo carretero Acapulco-Zihuatanejo a la altura de la colonia La Ol\u00edmpica, como probable responsable del delito de&#8230;<\/p>\n","protected":false},"author":2,"featured_media":1220593,"comment_status":"closed","ping_status":"closed","sticky":false,"template":"","format":"standard","meta":{"footnotes":""},"categories":[18561,2005],"tags":[8682,10946,14737],"class_list":["post-1220592","post","type-post","status-publish","format-standard","has-post-thumbnail","hentry","category-society-politics","category-seguridad-y-justicia","tag-fiscalia-general-de-guerrero-fge","tag-jorge-zuriel-de-los-santos-barrila","tag-policia-ministerial-de-guerrero"],"_links":{"self":[{"href":"https:\/\/www.acapulcopress.com\/index.php\/wp-json\/wp\/v2\/posts\/1220592","targetHints":{"allow":["GET"]}}],"collection":[{"href":"https:\/\/www.acapulcopress.com\/index.php\/wp-json\/wp\/v2\/posts"}],"about":[{"href":"https:\/\/www.acapulcopress.com\/index.php\/wp-json\/wp\/v2\/types\/post"}],"author":[{"embeddable":true,"href":"https:\/\/www.acapulcopress.com\/index.php\/wp-json\/wp\/v2\/users\/2"}],"replies":[{"embeddable":true,"href":"https:\/\/www.acapulcopress.com\/index.php\/wp-json\/wp\/v2\/comments?post=1220592"}],"version-history":[{"count":0,"href":"https:\/\/www.acapulcopress.com\/index.php\/wp-json\/wp\/v2\/posts\/1220592\/revisions"}],"wp:featuredmedia":[{"embeddable":true,"href":"https:\/\/www.acapulcopress.com\/index.php\/wp-json\/"}],"wp:attachment":[{"href":"https:\/\/www.acapulcopress.com\/index.php\/wp-json\/wp\/v2\/media?parent=1220592"}],"wp:term":[{"taxonomy":"category","embeddable":true,"href":"https:\/\/www.acapulcopress.com\/index.php\/wp-json\/wp\/v2\/categories?post=1220592"},{"taxonomy":"post_tag","embeddable":true,"href":"https:\/\/www.acapulcopress.com\/index.php\/wp-json\/wp\/v2\/tags?post=1220592"}],"curies":[{"name":"wp","href":"https:\/\/api.w.org\/{rel}","templated":true}]}}