{"id":1220605,"date":"2021-02-04T17:14:03","date_gmt":"2021-02-04T23:14:03","guid":{"rendered":"https:\/\/www.acapulcopress.com\/?p=1220605"},"modified":"2021-02-04T17:14:03","modified_gmt":"2021-02-04T23:14:03","slug":"inscripciones-abiertas-para-aniversario-de-posgrado-de-facultad-de-odontologia-uagro","status":"publish","type":"post","link":"https:\/\/www.acapulcopress.com\/index.php\/2021\/02\/04\/inscripciones-abiertas-para-aniversario-de-posgrado-de-facultad-de-odontologia-uagro\/","title":{"rendered":"Inscripciones abiertas para aniversario de posgrado de Facultad de Odontolog\u00eda UAGro"},"content":{"rendered":"<p>CHILPANNCINGO. * 4 de febrero de 2021.<br \/>\n<em>] UAGro.<\/em><\/p>\n<p style=\"text-align: justify;\">A la comunidad odontol\u00f3gica se les informa que durante la pr\u00f3xima semana, 9 al 11 de febrero, se estar\u00e1 celebrando el Congreso Internacional del 1er. Aniversario del Posgrado de la Facultad de Odontolog\u00eda UAGro.<\/p>\n<p>Aqu\u00ed, el enlace para la realizaci\u00f3n de registro: <em>] <a href=\"http:\/\/www.eventosvirtuales.uagro.mx\/registro\/?event=405\" target=\"_blank\" rel=\"noopener\">http:\/\/www.eventosvirtuales.uagro.mx\/registro\/?event=405<\/a>.<\/em><\/p>\n","protected":false},"excerpt":{"rendered":"<p>CHILPANNCINGO. * 4 de febrero de 2021. ] UAGro. A la comunidad odontol\u00f3gica se les informa que durante la pr\u00f3xima semana, 9 al 11 de febrero, se estar\u00e1 celebrando el Congreso Internacional del 1er. Aniversario del Posgrado de la Facultad de Odontolog\u00eda UAGro. Aqu\u00ed, el enlace para la realizaci\u00f3n de registro: ] http:\/\/www.eventosvirtuales.uagro.mx\/registro\/?event=405.<\/p>\n","protected":false},"author":2,"featured_media":1220606,"comment_status":"closed","ping_status":"closed","sticky":false,"template":"","format":"standard","meta":{"footnotes":""},"categories":[18561,2016],"tags":[2962,17463],"class_list":["post-1220605","post","type-post","status-publish","format-standard","has-post-thumbnail","hentry","category-society-politics","category-uagro-society-politics","tag-1er-aniversario-del-posgrado-de-la-facultad-de-odontologia-uagro","tag-uagro"],"_links":{"self":[{"href":"https:\/\/www.acapulcopress.com\/index.php\/wp-json\/wp\/v2\/posts\/1220605","targetHints":{"allow":["GET"]}}],"collection":[{"href":"https:\/\/www.acapulcopress.com\/index.php\/wp-json\/wp\/v2\/posts"}],"about":[{"href":"https:\/\/www.acapulcopress.com\/index.php\/wp-json\/wp\/v2\/types\/post"}],"author":[{"embeddable":true,"href":"https:\/\/www.acapulcopress.com\/index.php\/wp-json\/wp\/v2\/users\/2"}],"replies":[{"embeddable":true,"href":"https:\/\/www.acapulcopress.com\/index.php\/wp-json\/wp\/v2\/comments?post=1220605"}],"version-history":[{"count":0,"href":"https:\/\/www.acapulcopress.com\/index.php\/wp-json\/wp\/v2\/posts\/1220605\/revisions"}],"wp:featuredmedia":[{"embeddable":true,"href":"https:\/\/www.acapulcopress.com\/index.php\/wp-json\/"}],"wp:attachment":[{"href":"https:\/\/www.acapulcopress.com\/index.php\/wp-json\/wp\/v2\/media?parent=1220605"}],"wp:term":[{"taxonomy":"category","embeddable":true,"href":"https:\/\/www.acapulcopress.com\/index.php\/wp-json\/wp\/v2\/categories?post=1220605"},{"taxonomy":"post_tag","embeddable":true,"href":"https:\/\/www.acapulcopress.com\/index.php\/wp-json\/wp\/v2\/tags?post=1220605"}],"curies":[{"name":"wp","href":"https:\/\/api.w.org\/{rel}","templated":true}]}}