{"id":1220611,"date":"2021-02-04T17:30:37","date_gmt":"2021-02-04T23:30:37","guid":{"rendered":"https:\/\/www.acapulcopress.com\/?p=1220611"},"modified":"2021-02-04T17:30:37","modified_gmt":"2021-02-04T23:30:37","slug":"uagro-se-une-a-las-acciones-para-informar-y-prevenir-el-cancer","status":"publish","type":"post","link":"https:\/\/www.acapulcopress.com\/index.php\/2021\/02\/04\/uagro-se-une-a-las-acciones-para-informar-y-prevenir-el-cancer\/","title":{"rendered":"UAGro se une a las acciones para informar y prevenir el c\u00e1ncer"},"content":{"rendered":"<p>CHILPANNCINGO. * 4 de febrero de 2021.<br \/>\n<em>] UAGro.<\/em><\/p>\n<p style=\"text-align: justify;\">En la lucha contra el c\u00e1ncer apoyamos todos a trav\u00e9s de la ciencia, la investigaci\u00f3n y con profesionales de la salud capacitados; desde la #UAGro nos unimos promoviendo acciones para informar y prevenir esta enfermedad, inform\u00f3 el Rector Javier Salda\u00f1a Almaz\u00e1n.<\/p>\n<p><em>#D\u00edaMundialContraElC\u00e1ncer<\/em><\/p>\n","protected":false},"excerpt":{"rendered":"<p>CHILPANNCINGO. * 4 de febrero de 2021. ] UAGro. En la lucha contra el c\u00e1ncer apoyamos todos a trav\u00e9s de la ciencia, la investigaci\u00f3n y con profesionales de la salud capacitados; desde la #UAGro nos unimos promoviendo acciones para informar y prevenir esta enfermedad, inform\u00f3 el Rector Javier Salda\u00f1a Almaz\u00e1n. #D\u00edaMundialContraElC\u00e1ncer<\/p>\n","protected":false},"author":2,"featured_media":1220612,"comment_status":"closed","ping_status":"closed","sticky":false,"template":"","format":"standard","meta":{"footnotes":""},"categories":[18561,2016],"tags":[2668,6705,10644,17463,17610],"class_list":["post-1220611","post","type-post","status-publish","format-standard","has-post-thumbnail","hentry","category-society-politics","category-uagro-society-politics","tag-diamundialcontraelcancer","tag-covid19","tag-javier-saldana-almazan","tag-uagro","tag-universidad-autonoma-de-guerrero-uagro"],"_links":{"self":[{"href":"https:\/\/www.acapulcopress.com\/index.php\/wp-json\/wp\/v2\/posts\/1220611","targetHints":{"allow":["GET"]}}],"collection":[{"href":"https:\/\/www.acapulcopress.com\/index.php\/wp-json\/wp\/v2\/posts"}],"about":[{"href":"https:\/\/www.acapulcopress.com\/index.php\/wp-json\/wp\/v2\/types\/post"}],"author":[{"embeddable":true,"href":"https:\/\/www.acapulcopress.com\/index.php\/wp-json\/wp\/v2\/users\/2"}],"replies":[{"embeddable":true,"href":"https:\/\/www.acapulcopress.com\/index.php\/wp-json\/wp\/v2\/comments?post=1220611"}],"version-history":[{"count":0,"href":"https:\/\/www.acapulcopress.com\/index.php\/wp-json\/wp\/v2\/posts\/1220611\/revisions"}],"wp:featuredmedia":[{"embeddable":true,"href":"https:\/\/www.acapulcopress.com\/index.php\/wp-json\/"}],"wp:attachment":[{"href":"https:\/\/www.acapulcopress.com\/index.php\/wp-json\/wp\/v2\/media?parent=1220611"}],"wp:term":[{"taxonomy":"category","embeddable":true,"href":"https:\/\/www.acapulcopress.com\/index.php\/wp-json\/wp\/v2\/categories?post=1220611"},{"taxonomy":"post_tag","embeddable":true,"href":"https:\/\/www.acapulcopress.com\/index.php\/wp-json\/wp\/v2\/tags?post=1220611"}],"curies":[{"name":"wp","href":"https:\/\/api.w.org\/{rel}","templated":true}]}}