{"id":1220617,"date":"2021-02-03T18:10:35","date_gmt":"2021-02-04T00:10:35","guid":{"rendered":"https:\/\/www.acapulcopress.com\/?p=1220617"},"modified":"2021-02-03T18:10:35","modified_gmt":"2021-02-04T00:10:35","slug":"calendario-escolar-uagro-2021-2022","status":"publish","type":"post","link":"https:\/\/www.acapulcopress.com\/index.php\/2021\/02\/03\/calendario-escolar-uagro-2021-2022\/","title":{"rendered":"Calendario Escolar UAGro 2021-2022"},"content":{"rendered":"<p style=\"text-align: justify;\">CHILPANCINGO. * 3 de febrero de 2021.<br \/>\n<em>] UAGro.<\/em><\/p>\n<p style=\"text-align: justify;\">Por instrucciones del Rector Javier Salda\u00f1a, la Direcci\u00f3n de Administraci\u00f3n Escolar pone a disposici\u00f3n de la Comunidad Universitaria y aspirantes a ingresar a la Universidad Aut\u00f3noma de Guerrero (UAGro),\u00a0 el calendario escolar correspondiente al ciclo 2021 &#8211; 2022, el cual contiene las fechas de los distintos procesos administrativos escolares que se llevar\u00e1n acabo en el mismo.<\/p>\n<p>CALENDARIO ESCOLAR UAGRO 2021\/2022<br \/>\n] <a href=\"http:\/\/dae.uagro.mx\/regweb\/descargas\/Calendario_Escolar_UAGro_Ciclo_2021-2022.pdf?fbclid=IwAR2GPyc1QdaPo-DbL03Qn5XId9oubTnj9gCklXDoze-O411wCmK-XIytcdE\" target=\"_blank\" rel=\"noopener\">http:\/\/dae.uagro.mx\/&#8230;\/Calendario_Escolar_UAGro_Ciclo&#8230;<\/a><\/p>\n<p>#OrgullosamenteUAGro<br \/>\n<em>#OrgullosamenteDAEUAGro<\/em><br \/>\n<em>#LaUAGroTeCuida<\/em><br \/>\n<em>#JuntosSeguiremosAvanzando<\/em><\/p>\n","protected":false},"excerpt":{"rendered":"<p>CHILPANCINGO. * 3 de febrero de 2021. ] UAGro. Por instrucciones del Rector Javier Salda\u00f1a, la Direcci\u00f3n de Administraci\u00f3n Escolar pone a disposici\u00f3n de la Comunidad Universitaria y aspirantes a ingresar a la Universidad Aut\u00f3noma de Guerrero (UAGro),\u00a0 el calendario escolar correspondiente al ciclo 2021 &#8211; 2022, el cual contiene las fechas de los distintos&#8230;<\/p>\n","protected":false},"author":2,"featured_media":1220619,"comment_status":"closed","ping_status":"closed","sticky":false,"template":"","format":"standard","meta":{"footnotes":""},"categories":[18561,2016],"tags":[2750,2767,2811,2812,4980,7345,7467,17610],"class_list":["post-1220617","post","type-post","status-publish","format-standard","has-post-thumbnail","hentry","category-society-politics","category-uagro-society-politics","tag-juntosseguiremosavanzando","tag-lauagrotecuida","tag-orgullosamentedaeuagro","tag-orgullosamenteuagro","tag-calendario-escolar-uagro-2021-2022","tag-direccion-de-administracion-escolar-uagro","tag-dr-javier-saldana-almazan","tag-universidad-autonoma-de-guerrero-uagro"],"_links":{"self":[{"href":"https:\/\/www.acapulcopress.com\/index.php\/wp-json\/wp\/v2\/posts\/1220617","targetHints":{"allow":["GET"]}}],"collection":[{"href":"https:\/\/www.acapulcopress.com\/index.php\/wp-json\/wp\/v2\/posts"}],"about":[{"href":"https:\/\/www.acapulcopress.com\/index.php\/wp-json\/wp\/v2\/types\/post"}],"author":[{"embeddable":true,"href":"https:\/\/www.acapulcopress.com\/index.php\/wp-json\/wp\/v2\/users\/2"}],"replies":[{"embeddable":true,"href":"https:\/\/www.acapulcopress.com\/index.php\/wp-json\/wp\/v2\/comments?post=1220617"}],"version-history":[{"count":0,"href":"https:\/\/www.acapulcopress.com\/index.php\/wp-json\/wp\/v2\/posts\/1220617\/revisions"}],"wp:featuredmedia":[{"embeddable":true,"href":"https:\/\/www.acapulcopress.com\/index.php\/wp-json\/"}],"wp:attachment":[{"href":"https:\/\/www.acapulcopress.com\/index.php\/wp-json\/wp\/v2\/media?parent=1220617"}],"wp:term":[{"taxonomy":"category","embeddable":true,"href":"https:\/\/www.acapulcopress.com\/index.php\/wp-json\/wp\/v2\/categories?post=1220617"},{"taxonomy":"post_tag","embeddable":true,"href":"https:\/\/www.acapulcopress.com\/index.php\/wp-json\/wp\/v2\/tags?post=1220617"}],"curies":[{"name":"wp","href":"https:\/\/api.w.org\/{rel}","templated":true}]}}