{"id":1220636,"date":"2021-02-04T20:17:15","date_gmt":"2021-02-05T02:17:15","guid":{"rendered":"https:\/\/www.acapulcopress.com\/?p=1220636"},"modified":"2021-02-04T20:17:15","modified_gmt":"2021-02-05T02:17:15","slug":"despues-de-la-pandemia-el-turismo-resurgira-mas-fuerte-augura-astudillo","status":"publish","type":"post","link":"https:\/\/www.acapulcopress.com\/index.php\/2021\/02\/04\/despues-de-la-pandemia-el-turismo-resurgira-mas-fuerte-augura-astudillo\/","title":{"rendered":"Despu\u00e9s de la pandemia, el turismo resurgir\u00e1 m\u00e1s fuerte, augura Astudillo"},"content":{"rendered":"<p style=\"text-align: justify;\">CHILPANCINGO. * 4 de febrero de 2021.<br \/>\n<em>] Gobierno de Guerrero.<\/em><\/p>\n<p style=\"text-align: justify;\">Convencido que la actividad tur\u00edstica resurgir\u00e1 m\u00e1s fuerte una vez que las condiciones por la pandemia del Covid-19 lo permitan, el gobernador H\u00e9ctor Astudillo Flores particip\u00f3 en la reuni\u00f3n de la Conferencia Nacional de Gobernadores y representantes del sector tur\u00edstico a nivel nacional, donde se instal\u00f3 la Mesa de Coordinaci\u00f3n y Seguimiento y los grupos de trabajo de la Alianza Nacional Emergente por el Turismo.<\/p>\n<p style=\"text-align: justify;\">En su participaci\u00f3n en esta reuni\u00f3n de trabajo virtual, acompa\u00f1ado del secretario de Turismo, Ernesto Rodr\u00edguez Escalona, el coordinador de asesores, Juan Salgado Tenorio, el titular del Ejecutivo guerrerense se pronunci\u00f3 en favor de realizar m\u00e1s acciones para proteger a esta actividad, que en el caso de Guerrero, es motor de su econom\u00eda.<\/p>\n<p style=\"text-align: justify;\">\u201cYo estoy convencido que la actividad tur\u00edstica cuando esto disminuya, va a florecer y muy fuerte, tendr\u00e1 que regresar muy fuerte, despu\u00e9s de la pandemia, familias van a querer salir, distraerse, vivir momentos diferentes al confinamiento\u201d, se\u00f1al\u00f3 Astudillo Flores ante sus hom\u00f3logos encabezados por la presidenta de la Conago, Claudia Pavlovich.<\/p>\n<p style=\"text-align: justify;\">Agreg\u00f3 que para lograr mejores condiciones y cuidar la salud de la poblaci\u00f3n, se debe colaborar hasta donde se les permita para que la campa\u00f1a de vacunaci\u00f3n contra el Covid-19 avance m\u00e1s r\u00e1pido.<\/p>\n<p style=\"text-align: justify;\">En el caso del gobierno de Guerrero, apunt\u00f3 que se sumar\u00e1 a las tareas que le asignen en estas mesas que hoy se instalaron.<\/p>\n<p style=\"text-align: justify;\">Las mesas tem\u00e1ticas son: Reapertura responsable, financiamiento, conectividad a\u00e9rea y terrestre, facilitaci\u00f3n de ingreso al pa\u00eds, infraestructura, promoci\u00f3n, seguridad, as\u00ed como sostenibilidad y combate al turismo sexual infantil.<\/p>\n<p style=\"text-align: justify;\">En la reuni\u00f3n, la Alianza Nacional Emergente por el Turismo plante\u00f3 algunas propuestas para la reactivaci\u00f3n de la industria como el declararla una actividad esencial, integraci\u00f3n de paquetes de ayuda a las empresas, poner a los trabajadores del sector tur\u00edstico en los primeros lugares de procesos de vacunaci\u00f3n, fortalecimiento de los protocolos sanitarios, asegurar la conectividad a\u00e9rea, reactivaci\u00f3n del turismo nacional e impulsar el turismo carretero, entre otras.<\/p>\n","protected":false},"excerpt":{"rendered":"<p>CHILPANCINGO. * 4 de febrero de 2021. ] Gobierno de Guerrero. Convencido que la actividad tur\u00edstica resurgir\u00e1 m\u00e1s fuerte una vez que las condiciones por la pandemia del Covid-19 lo permitan, el gobernador H\u00e9ctor Astudillo Flores particip\u00f3 en la reuni\u00f3n de la Conferencia Nacional de Gobernadores y representantes del sector tur\u00edstico a nivel nacional, donde&#8230;<\/p>\n","protected":false},"author":2,"featured_media":1220637,"comment_status":"closed","ping_status":"closed","sticky":false,"template":"","format":"standard","meta":{"footnotes":""},"categories":[1972,1976,18573,1983],"tags":[6705,9302,9705,13774,14664,16298,16421,17442],"class_list":["post-1220636","post","type-post","status-publish","format-standard","has-post-thumbnail","hentry","category-special","category-tourism","category-goverment","category-guerrerogob","tag-covid19","tag-gobierno-de-guerrero","tag-hector-astudillo-flores","tag-noticias-de-guerrero","tag-playas-de-acapulco","tag-secretaria-de-turismo-guerrero","tag-semaforo-de-riesgo-covid19","tag-turismo-guerrero"],"_links":{"self":[{"href":"https:\/\/www.acapulcopress.com\/index.php\/wp-json\/wp\/v2\/posts\/1220636","targetHints":{"allow":["GET"]}}],"collection":[{"href":"https:\/\/www.acapulcopress.com\/index.php\/wp-json\/wp\/v2\/posts"}],"about":[{"href":"https:\/\/www.acapulcopress.com\/index.php\/wp-json\/wp\/v2\/types\/post"}],"author":[{"embeddable":true,"href":"https:\/\/www.acapulcopress.com\/index.php\/wp-json\/wp\/v2\/users\/2"}],"replies":[{"embeddable":true,"href":"https:\/\/www.acapulcopress.com\/index.php\/wp-json\/wp\/v2\/comments?post=1220636"}],"version-history":[{"count":0,"href":"https:\/\/www.acapulcopress.com\/index.php\/wp-json\/wp\/v2\/posts\/1220636\/revisions"}],"wp:featuredmedia":[{"embeddable":true,"href":"https:\/\/www.acapulcopress.com\/index.php\/wp-json\/"}],"wp:attachment":[{"href":"https:\/\/www.acapulcopress.com\/index.php\/wp-json\/wp\/v2\/media?parent=1220636"}],"wp:term":[{"taxonomy":"category","embeddable":true,"href":"https:\/\/www.acapulcopress.com\/index.php\/wp-json\/wp\/v2\/categories?post=1220636"},{"taxonomy":"post_tag","embeddable":true,"href":"https:\/\/www.acapulcopress.com\/index.php\/wp-json\/wp\/v2\/tags?post=1220636"}],"curies":[{"name":"wp","href":"https:\/\/api.w.org\/{rel}","templated":true}]}}