{"id":1220648,"date":"2021-02-04T21:11:39","date_gmt":"2021-02-05T03:11:39","guid":{"rendered":"https:\/\/www.acapulcopress.com\/?p=1220648"},"modified":"2021-02-04T21:11:39","modified_gmt":"2021-02-05T03:11:39","slug":"ciudadania-podra-solicitar-reimpresion-de-su-credencial-ine-despues-del-10-de-febrero","status":"publish","type":"post","link":"https:\/\/www.acapulcopress.com\/index.php\/2021\/02\/04\/ciudadania-podra-solicitar-reimpresion-de-su-credencial-ine-despues-del-10-de-febrero\/","title":{"rendered":"Ciudadan\u00eda podr\u00e1 solicitar reimpresi\u00f3n de su credencial INE despu\u00e9s del 10 de febrero"},"content":{"rendered":"<p style=\"text-align: justify;\"><em>* Por el momento los M\u00f3dulos de Atenci\u00f3n Ciudadana atienden sin cita a quienes har\u00e1n cambio de domicilio o tramitar\u00e1n por primera vez la credencial<\/em><br \/>\n<strong><em>* Se trabaja en horarios extendidos y con todas las medidas de seguridad sanitaria <\/em><\/strong><br \/>\n<em>* La atenci\u00f3n diaria se ha duplicado<\/em><\/p>\n<p style=\"text-align: justify;\">CIUDAD DE M\u00c9XICO. * 4 de febrero de 2021.<br \/>\n<em>] INE.<\/em><\/p>\n<p style=\"text-align: justify;\">Los M\u00f3dulos de Atenci\u00f3n Ciudadana del Instituto Nacional Electoral (INE) mantendr\u00e1n la atenci\u00f3n luego del 10 de febrero y hasta el 25 de mayo para la ciudadan\u00eda que \u00fanicamente requiera la reimpresi\u00f3n de su Credencial para Votar con Fotograf\u00eda.<\/p>\n<p style=\"text-align: justify;\">La fecha l\u00edmite del 10 de febrero es exclusivamente para las y los j\u00f3venes que cumplan 18 a\u00f1os antes o hasta el 6 de junio y que se inscriben por primera vez al Padr\u00f3n Electoral, as\u00ed como para la ciudadan\u00eda que necesite registrar cambio de domicilio para ejercer su voto.<\/p>\n<p style=\"text-align: justify;\">Para el tr\u00e1mite de la reimpresi\u00f3n, a partir del 11 de febrero, \u00e9ste se realizar\u00e1 exclusivamente con previa cita, que podr\u00e1 tramitarse a trav\u00e9s de la p\u00e1gina <a href=\"https:\/\/www.ine.mx\/credencial\/\" target=\"_blank\" rel=\"noopener\">https:\/\/www.ine.mx\/credencial\/<\/a><\/p>\n<p style=\"text-align: justify;\">Durante los primeros 10 d\u00edas de febrero, por otro lado, los m\u00f3dulos atender\u00e1n sin cita y en horarios ampliados con la finalidad de cumplir con la demanda que se presente durante estos d\u00edas en condiciones de seguridad sanitaria.<\/p>\n<p style=\"text-align: justify;\">En los primeros dos d\u00edas del mes en curso se atendieron en promedio m\u00e1s de 107 mil personas diarias en los m\u00f3dulos de todo el pa\u00eds, lo que significa que casi se duplic\u00f3 la capacidad de atenci\u00f3n que regularmente es de 60 mil personas al d\u00eda.<\/p>\n<p style=\"text-align: justify;\">Hugo L\u00f3pez Tlapale, Vocal del Registro Federal de Electores de la Junta Distrital 24 en la Ciudad de M\u00e9xico detall\u00f3 que, para poder garantizar la atenci\u00f3n, las personas que no tengan cita deber\u00e1n acudir a cualquier m\u00f3dulo, ya sea el mismo d\u00eda o de forma programada en d\u00edas subsecuentes.<\/p>\n<p style=\"text-align: justify;\">\u201cTenemos la capacidad suficiente para no tener aglomeraciones, guardemos distancia y atender a todos los ciudadanos que soliciten el servicio, s\u00f3lo le pedimos a la ciudadan\u00eda que nos comprenda y tengan un poco de paciencia por la alta demanda que tenemos, pero todos ser\u00e1n atendidos\u201d, sentenci\u00f3.<\/p>\n<p style=\"text-align: justify;\">Cabe se\u00f1alar que todas las credenciales que perdieron vigencia entre 2019 y 2020 podr\u00e1n ser utilizadas como medio de identificaci\u00f3n y para votar el pr\u00f3ximo 6 de junio, por lo que no es necesario que realicen su actualizaci\u00f3n en estos momentos.<\/p>\n<p style=\"text-align: justify;\">Derivado de la emergencia sanitaria que se vive en M\u00e9xico a causa de la pandemia por COVID-19, el INE implement\u00f3 una serie de protocolos para garantizar la salud tanto de los funcionarios como de todas las personas que asistan a los m\u00f3dulos.<\/p>\n<p style=\"text-align: justify;\">Por ello, se solicita el apoyo de la ciudadan\u00eda para cumplir con las medidas de protecci\u00f3n sanitaria que se han dispuesto, como permitir la toma de temperatura al ingreso a los locales, colocarse gel sanitizante, portar en todo momento cubrebocas y mantener sana distancia.<\/p>\n<p style=\"text-align: justify;\">En atenci\u00f3n a las disposiciones establecidas por las autoridades de salud, los m\u00f3dulos operan atendiendo medidas sanitarias, por lo que los ciudadanos deben acudir sin acompa\u00f1antes para evitar la concentraci\u00f3n de multitudes, con excepci\u00f3n de quienes requieran alg\u00fan tipo de asistencia.<\/p>\n<p style=\"text-align: justify;\">Asimismo, los locales son constantemente desinfectados y el personal cuenta con toallas sanitarias y gel antibacterial para poder garantizar la limpieza de los aparatos biom\u00e9tricos utilizados por la ciudadan\u00eda.<\/p>\n<p style=\"text-align: justify;\">Quienes \u00fanicamente soliciten la reimpresi\u00f3n de su credencial podr\u00e1n acudir hasta el 4 de junio al m\u00f3dulo donde realizaron su tr\u00e1mite para recogerla, ya que de lo contrario la mica deber\u00e1 permanecer bajo resguardo hasta despu\u00e9s de la jornada del 6 de junio.<\/p>\n","protected":false},"excerpt":{"rendered":"<p>* Por el momento los M\u00f3dulos de Atenci\u00f3n Ciudadana atienden sin cita a quienes har\u00e1n cambio de domicilio o tramitar\u00e1n por primera vez la credencial * Se trabaja en horarios extendidos y con todas las medidas de seguridad sanitaria * La atenci\u00f3n diaria se ha duplicado CIUDAD DE M\u00c9XICO. * 4 de febrero de 2021&#8230;.<\/p>\n","protected":false},"author":2,"featured_media":1220649,"comment_status":"closed","ping_status":"closed","sticky":false,"template":"","format":"standard","meta":{"footnotes":""},"categories":[1969],"tags":[6733,10133,14161],"class_list":["post-1220648","post","type-post","status-publish","format-standard","has-post-thumbnail","hentry","category-trending","tag-credencial-para-votar","tag-ine","tag-padron-electoral-ine"],"_links":{"self":[{"href":"https:\/\/www.acapulcopress.com\/index.php\/wp-json\/wp\/v2\/posts\/1220648","targetHints":{"allow":["GET"]}}],"collection":[{"href":"https:\/\/www.acapulcopress.com\/index.php\/wp-json\/wp\/v2\/posts"}],"about":[{"href":"https:\/\/www.acapulcopress.com\/index.php\/wp-json\/wp\/v2\/types\/post"}],"author":[{"embeddable":true,"href":"https:\/\/www.acapulcopress.com\/index.php\/wp-json\/wp\/v2\/users\/2"}],"replies":[{"embeddable":true,"href":"https:\/\/www.acapulcopress.com\/index.php\/wp-json\/wp\/v2\/comments?post=1220648"}],"version-history":[{"count":0,"href":"https:\/\/www.acapulcopress.com\/index.php\/wp-json\/wp\/v2\/posts\/1220648\/revisions"}],"wp:featuredmedia":[{"embeddable":true,"href":"https:\/\/www.acapulcopress.com\/index.php\/wp-json\/"}],"wp:attachment":[{"href":"https:\/\/www.acapulcopress.com\/index.php\/wp-json\/wp\/v2\/media?parent=1220648"}],"wp:term":[{"taxonomy":"category","embeddable":true,"href":"https:\/\/www.acapulcopress.com\/index.php\/wp-json\/wp\/v2\/categories?post=1220648"},{"taxonomy":"post_tag","embeddable":true,"href":"https:\/\/www.acapulcopress.com\/index.php\/wp-json\/wp\/v2\/tags?post=1220648"}],"curies":[{"name":"wp","href":"https:\/\/api.w.org\/{rel}","templated":true}]}}