{"id":1220660,"date":"2021-02-04T22:01:10","date_gmt":"2021-02-05T04:01:10","guid":{"rendered":"https:\/\/www.acapulcopress.com\/?p=1220660"},"modified":"2021-02-04T22:01:10","modified_gmt":"2021-02-05T04:01:10","slug":"no-permitiremos-que-la-mancha-destructora-de-morena-llegue-a-baja-california-sur-pan","status":"publish","type":"post","link":"https:\/\/www.acapulcopress.com\/index.php\/2021\/02\/04\/no-permitiremos-que-la-mancha-destructora-de-morena-llegue-a-baja-california-sur-pan\/","title":{"rendered":"No permitiremos que la mancha destructora de Morena llegue a Baja California Sur | PAN"},"content":{"rendered":"<p style=\"text-align: justify;\">LA PAZ. * 4 de febrero de 2021.<br \/>\n<em>] Especial.<\/em><\/p>\n<p style=\"text-align: justify;\">El Presidente de Acci\u00f3n Nacional, Marko Cort\u00e9s Mendoza, asegur\u00f3 que con Francisco Pelayo Covarrubias como candidato electo a la gubernatura, en Baja California Sur no se permitir\u00e1 que llegue la mancha destructora morenista y su estilo de gobernar que retrocede y cancela en un solo d\u00eda los avances de muchos a\u00f1os.<\/p>\n<p style=\"text-align: justify;\">\u201cNo vamos a permitir que la inversi\u00f3n que ha venido aqu\u00ed a este estado de la noche a la ma\u00f1ana la ahuyenten con todos los empleos que pueden generar en una p\u00e9rdida de credibilidad. No vamos a permitir que venga aqu\u00ed el retroceso con visiones retr\u00f3gradas, que no creen en las energ\u00edas limpias y renovables. Nosotros s\u00ed creemos en un estado que se vea innovador, atractivo, pero que adem\u00e1s respete la propiedad privada, que genere la atracci\u00f3n de inversi\u00f3n\u201d.<\/p>\n<p style=\"text-align: justify;\">Durante la entrega de la constancia a Pelayo como candidato electo del PAN a la gubernatura, Cort\u00e9s Mendoza dijo que no hay duda que ser\u00e1 el mejor gobernador de Baja California Sur, porque es un panista que viene desde abajo y ha dado resultados como presidente municipal y como diputado federal.<\/p>\n<p style=\"text-align: justify;\">Se\u00f1al\u00f3 que Acci\u00f3n Nacional s\u00ed puede presumir que tuvo un proceso democr\u00e1tico para elegir a su candidato, porque hubo una convocatoria abierta, se pudo registrar a quienes quisieron hacerlo y, sobre todo, que hubo unidad y una pol\u00edtica que suma y construye. Por eso en la jornada interna hubo una participaci\u00f3n entre presencial y virtual de arriba del 80 por ciento de la militancia.<\/p>\n<p style=\"text-align: justify;\">Acompa\u00f1ado por el presidente del Comit\u00e9 Directivo Estatal, Carlos Rochin, el dirigente nacional del PAN destac\u00f3 que en Baja California Sur hay certidumbre, futuro y calidad de vida, porque mientras en el 2019 M\u00e9xico tuvo decrecimiento econ\u00f3mico, en esta entidad hubo crecimiento econ\u00f3mico.<\/p>\n<p style=\"text-align: justify;\">Por su parte, Francisco Pelayo Covarrubias, quien en breve tambi\u00e9n se convertir\u00e1 en el candidato de la coalici\u00f3n al gobierno de Baja California Sur, se comprometi\u00f3 a honrar los principios del PAN y buscar un mejor futuro para los bajacalifornianos. \u201cNo les voy a fallar\u201d, asegur\u00f3.<\/p>\n<p style=\"text-align: justify;\">Afirm\u00f3 que en el proceso interno gan\u00f3 el PAN, la democracia y la unidad. Juntos, dijo, vamos a consolidar a Baja California Sur como el \u201cpara\u00edso en la tierra, el mejor lugar para vivir\u201d.<\/p>\n","protected":false},"excerpt":{"rendered":"<p>LA PAZ. * 4 de febrero de 2021. ] Especial. El Presidente de Acci\u00f3n Nacional, Marko Cort\u00e9s Mendoza, asegur\u00f3 que con Francisco Pelayo Covarrubias como candidato electo a la gubernatura, en Baja California Sur no se permitir\u00e1 que llegue la mancha destructora morenista y su estilo de gobernar que retrocede y cancela en un solo&#8230;<\/p>\n","protected":false},"author":2,"featured_media":1220667,"comment_status":"closed","ping_status":"closed","sticky":false,"template":"","format":"standard","meta":{"footnotes":""},"categories":[1969],"tags":[4523,8892,12720,14184],"class_list":["post-1220660","post","type-post","status-publish","format-standard","has-post-thumbnail","hentry","category-trending","tag-baja-california-sur","tag-francisco-pelayo-covarrubia","tag-marko-cortes-mendoza","tag-pan"],"_links":{"self":[{"href":"https:\/\/www.acapulcopress.com\/index.php\/wp-json\/wp\/v2\/posts\/1220660","targetHints":{"allow":["GET"]}}],"collection":[{"href":"https:\/\/www.acapulcopress.com\/index.php\/wp-json\/wp\/v2\/posts"}],"about":[{"href":"https:\/\/www.acapulcopress.com\/index.php\/wp-json\/wp\/v2\/types\/post"}],"author":[{"embeddable":true,"href":"https:\/\/www.acapulcopress.com\/index.php\/wp-json\/wp\/v2\/users\/2"}],"replies":[{"embeddable":true,"href":"https:\/\/www.acapulcopress.com\/index.php\/wp-json\/wp\/v2\/comments?post=1220660"}],"version-history":[{"count":0,"href":"https:\/\/www.acapulcopress.com\/index.php\/wp-json\/wp\/v2\/posts\/1220660\/revisions"}],"wp:featuredmedia":[{"embeddable":true,"href":"https:\/\/www.acapulcopress.com\/index.php\/wp-json\/"}],"wp:attachment":[{"href":"https:\/\/www.acapulcopress.com\/index.php\/wp-json\/wp\/v2\/media?parent=1220660"}],"wp:term":[{"taxonomy":"category","embeddable":true,"href":"https:\/\/www.acapulcopress.com\/index.php\/wp-json\/wp\/v2\/categories?post=1220660"},{"taxonomy":"post_tag","embeddable":true,"href":"https:\/\/www.acapulcopress.com\/index.php\/wp-json\/wp\/v2\/tags?post=1220660"}],"curies":[{"name":"wp","href":"https:\/\/api.w.org\/{rel}","templated":true}]}}