{"id":1220668,"date":"2021-02-04T22:18:26","date_gmt":"2021-02-05T04:18:26","guid":{"rendered":"https:\/\/www.acapulcopress.com\/?p=1220668"},"modified":"2021-02-04T22:18:26","modified_gmt":"2021-02-05T04:18:26","slug":"hora-de-rescatar-mexico-de-los-abusivos-pri","status":"publish","type":"post","link":"https:\/\/www.acapulcopress.com\/index.php\/2021\/02\/04\/hora-de-rescatar-mexico-de-los-abusivos-pri\/","title":{"rendered":"Hora de rescatar M\u00e9xico de los abusivos | PRI"},"content":{"rendered":"<p style=\"text-align: justify;\"><strong><em>* El dirigente nacional pri\u00edsta\u00a0 invit\u00f3 a a todos los militantes y simpatizantes a tomar el espacio p\u00fablico y a que las camisas y los chalecos del PRI se vean por las calles de todo el pa\u00eds.<\/em><\/strong><br \/>\n<em>* Que se vayan los pol\u00edticos abusivos; no les vamos a dar el gusto de tener tres a\u00f1os m\u00e1s para que sigan empe\u00f1ando nuestro patrimonio, asegur\u00f3 Alejandro Moreno.<\/em><\/p>\n<p>CAMPECHE. * 4 de febrero de 2021.<br \/>\n<em>] Especial.<\/em><\/p>\n<p style=\"text-align: justify;\">No hay tiempo que perder. Es la hora de rescatar y salvar a M\u00e9xico; devolverle su crecimiento, su paz y su grandeza, afirm\u00f3 Alejandro Moreno, Presidente del Comit\u00e9 Ejecutivo Nacional (CEN) del Partido Revolucionario Institucional (PRI).<\/p>\n<p style=\"text-align: justify;\">Al presidir la IV Sesi\u00f3n Extraordinaria de la Comisi\u00f3n Pol\u00edtica Permanente (CPP), el l\u00edder del partido tricolor destac\u00f3 que en este instituto pol\u00edtico se tiene muy claro que se debe salir a luchar \u201cpor lo que queremos; por nuestro pa\u00eds, por este M\u00e9xico que tanto necesita de la experiencia y del trabajo del PRI\u201d.<\/p>\n<p style=\"text-align: justify;\">Acompa\u00f1ado por la Secretaria General del CEN del PRI, Carolina Viggiano, el dirigente nacional exhort\u00f3 a los priistas a sumarse al trabajo, a dar buenos resultados, porque, dijo, aqu\u00ed, inicia la historia de este partido que, sin lugar a dudas, va a recuperar la presidencia de la Rep\u00fablica en el 2024.<\/p>\n<p style=\"text-align: justify;\">Tras se\u00f1alar que contra todo pron\u00f3stico, el PRI gan\u00f3 de manera contundente las elecciones locales del 2020 en Coahuila e Hidalgo, asegur\u00f3 que el partido ha dado verdadera c\u00e1tedra pol\u00edtica al levantarse m\u00e1s fuerte y unido que nunca, para enfrentar el compromiso electoral del 6 de junio.<\/p>\n<p style=\"text-align: justify;\">Por ello, invit\u00f3 a todos los priistas, juntos, a tomar el espacio p\u00fablico, a que las camisas y los chalecos que los caracteriza se vean por las calles de todo M\u00e9xico, a hacer presencia en el territorio, en las redes sociales y en las plataformas digitales.<\/p>\n<p style=\"text-align: justify;\">El pol\u00edtico reconoci\u00f3 el trabajo realizado por la gobernadora y gobernadores, legisladores, presidentes municipales, as\u00ed como los sectores y organismos priistas, \u201cen la que probablemente sea la peor crisis de nuestra naci\u00f3n en un siglo de historia\u201d, logrando constituirse en la oposici\u00f3n que M\u00e9xico y su democracia necesitan.<\/p>\n<p style=\"text-align: justify;\">\u201c\u00a1Ya basta, que se vayan los pol\u00edticos abusivos! No les vamos a dar el gusto de tener tres a\u00f1os m\u00e1s para que sigan empe\u00f1ando nuestro patrimonio, nuestra salud, nuestras escuelas y mucho menos nuestra dignidad e historia\u201d, enfatiz\u00f3 el Presidente del CEN.<\/p>\n<p style=\"text-align: justify;\">Alejandro Moreno subray\u00f3 que el Revolucionario Institucional tambi\u00e9n tiene la fuerza de sus aliados. Indic\u00f3 que \u201cVa por M\u00e9xico\u201d es el camino y proyecto de convocatoria nacional y de causas ciudadanas por el que pugna el partido, para rescatar a las familias mexicanas de la incompetencia de Morena al frente del Ejecutivo y del Legislativo.<\/p>\n<p style=\"text-align: justify;\">En el evento, dirigido por el Secretario T\u00e9cnico del Consejo Pol\u00edtico Nacional (CPN), Pablo Angulo Brice\u00f1o, los consejeros pol\u00edticos aprobaron un listado con los nombres de las y los aspirantes a Diputados Federales, propietarios y suplentes, por el principio de representaci\u00f3n proporcional.<\/p>\n","protected":false},"excerpt":{"rendered":"<p>* El dirigente nacional pri\u00edsta\u00a0 invit\u00f3 a a todos los militantes y simpatizantes a tomar el espacio p\u00fablico y a que las camisas y los chalecos del PRI se vean por las calles de todo el pa\u00eds. * Que se vayan los pol\u00edticos abusivos; no les vamos a dar el gusto de tener tres a\u00f1os&#8230;<\/p>\n","protected":false},"author":2,"featured_media":1220669,"comment_status":"closed","ping_status":"closed","sticky":false,"template":"","format":"standard","meta":{"footnotes":""},"categories":[2024,1972,18561,18577],"tags":[14304,15207],"class_list":["post-1220668","post","type-post","status-publish","format-standard","has-post-thumbnail","hentry","category-politica-activism","category-special","category-society-politics","category-politica-la-foto","tag-partido-revolucionario-institucional-pri","tag-rafael-alejandro-moreno-cardenas"],"_links":{"self":[{"href":"https:\/\/www.acapulcopress.com\/index.php\/wp-json\/wp\/v2\/posts\/1220668","targetHints":{"allow":["GET"]}}],"collection":[{"href":"https:\/\/www.acapulcopress.com\/index.php\/wp-json\/wp\/v2\/posts"}],"about":[{"href":"https:\/\/www.acapulcopress.com\/index.php\/wp-json\/wp\/v2\/types\/post"}],"author":[{"embeddable":true,"href":"https:\/\/www.acapulcopress.com\/index.php\/wp-json\/wp\/v2\/users\/2"}],"replies":[{"embeddable":true,"href":"https:\/\/www.acapulcopress.com\/index.php\/wp-json\/wp\/v2\/comments?post=1220668"}],"version-history":[{"count":0,"href":"https:\/\/www.acapulcopress.com\/index.php\/wp-json\/wp\/v2\/posts\/1220668\/revisions"}],"wp:featuredmedia":[{"embeddable":true,"href":"https:\/\/www.acapulcopress.com\/index.php\/wp-json\/"}],"wp:attachment":[{"href":"https:\/\/www.acapulcopress.com\/index.php\/wp-json\/wp\/v2\/media?parent=1220668"}],"wp:term":[{"taxonomy":"category","embeddable":true,"href":"https:\/\/www.acapulcopress.com\/index.php\/wp-json\/wp\/v2\/categories?post=1220668"},{"taxonomy":"post_tag","embeddable":true,"href":"https:\/\/www.acapulcopress.com\/index.php\/wp-json\/wp\/v2\/tags?post=1220668"}],"curies":[{"name":"wp","href":"https:\/\/api.w.org\/{rel}","templated":true}]}}