{"id":1220675,"date":"2021-02-04T22:44:05","date_gmt":"2021-02-05T04:44:05","guid":{"rendered":"https:\/\/www.acapulcopress.com\/?p=1220675"},"modified":"2021-02-04T22:44:05","modified_gmt":"2021-02-05T04:44:05","slug":"evodio-o-mario","status":"publish","type":"post","link":"https:\/\/www.acapulcopress.com\/index.php\/2021\/02\/04\/evodio-o-mario\/","title":{"rendered":"\u00bfEvodio o Mario?"},"content":{"rendered":"<p style=\"text-align: justify;\"><em>Un Rapid\u00edn<\/em><br \/>\n<strong>] con \u00c1ngel Irra Carceda<\/strong><br \/>\n<em>angelirracar@hotmail.com<\/em><\/p>\n<p style=\"text-align: justify;\">A partir de este viernes se inician las encuestas para definir al candidato a la gubernatura por Guerrero, por la alianza PRI-PRD.<\/p>\n<p style=\"text-align: justify;\">Como saben, los contendientes en la alianza son Evodio Vel\u00e1zquez y Mario Moreno, por el PRD y PRI, respectivamente.<\/p>\n<p style=\"text-align: justify;\">Ser\u00e1n tres encuestas, y culminan este proceso el siete de este mes, para que, se supone, antes del d\u00eda 15 se conozca al ganador de la contienda interna de la alianza.<\/p>\n<p style=\"text-align: justify;\">Ambos contendientes se muestran s\u00f3lidos. Y, creo, cualquiera de los dos puede ganar la gubernatura a Morena.<br \/>\nQue Morena y su precandidato F\u00e9lix Salgado lideran en las encuestas en Guerrero, s\u00ed.<\/p>\n<p style=\"text-align: justify;\">Pero, sin embargo, el esc\u00e1ndalo en torno a F\u00e9lix Salgado es muy grande. Adem\u00e1s, ser el m\u00e1s popular no garantiza la victoria electoral.<\/p>\n<p style=\"text-align: justify;\">En estas contiendas existen muchos factores m\u00e1s. En recientes elecciones en Hidalgo y Coahuila, se supon\u00eda que Morena ganaba de calle. Pero, oh sorpresa, les dieron en toda su mandarina.<\/p>\n<p style=\"text-align: justify;\">En Guerrero y en las otras entidades en las que habr\u00e1 elecciones, se nota a leguas la preocupaci\u00f3n de Morena por las alianzas opositoras.<\/p>\n<p style=\"text-align: justify;\">Resulta obvio que tienen presente que solos no podr\u00edan ganar, y por eso buscan las propias. Y con eso admiten incertidumbre en el resultado de la contienda.<\/p>\n<p style=\"text-align: justify;\">\u201cMi primer paso fue ser candidato del PRD; se logr\u00f3; mi segundo paso es ser candidato de la alianza (con el PRI). Lo vamos a lograr, y mi tercer paso es ser gobernador de Guerrero. Yo soy un hombre que construye, que todos los d\u00edas pica piedra y estoy seguro que voy a ganar esta encuesta, voy a ser el candidato de la alianza y vamos a vencer a Morena\u201d: Evodio Vel\u00e1zquez.<\/p>\n<p style=\"text-align: justify;\">\u00a1Sopas, perico! El ex alcalde de Acapulco lanza un mensaje de fuerza, de confianza, de buena cosecha por la siembra por todo el estado.<\/p>\n<p style=\"text-align: justify;\">Pero, no olvidemos que enfrente tiene a Mario Moreno. Se las sabe de todas, todas. No es para nada una perita en dulce.<\/p>\n<p style=\"text-align: justify;\">Y, adem\u00e1s, me dicen mis hermanacos priistas, se siente seguro de alcanzar la candidatura de la alianza PRI-PRD, en el entendido de que el gobernador de Guerrero es priista. Y se supone que deber\u00eda llevar \u201cla mano\u201d.<br \/>\nHagan sus apuestas. Las encuestas empiezan este 5 de febrero.<\/p>\n","protected":false},"excerpt":{"rendered":"<p>Un Rapid\u00edn ] con \u00c1ngel Irra Carceda angelirracar@hotmail.com A partir de este viernes se inician las encuestas para definir al candidato a la gubernatura por Guerrero, por la alianza PRI-PRD. Como saben, los contendientes en la alianza son Evodio Vel\u00e1zquez y Mario Moreno, por el PRD y PRI, respectivamente. Ser\u00e1n tres encuestas, y culminan este&#8230;<\/p>\n","protected":false},"author":2,"featured_media":1218986,"comment_status":"closed","ping_status":"closed","sticky":false,"template":"","format":"standard","meta":{"footnotes":""},"categories":[2071,1991],"tags":[3938,8271,12685,14804,14914,17511],"class_list":["post-1220675","post","type-post","status-publish","format-standard","has-post-thumbnail","hentry","category-opinion-analisis-columnas","category-libertad-de-expresion","tag-angel-irra-carceda","tag-evodio-velazquez","tag-mario-moreno-arcos","tag-prd","tag-pri","tag-un-rapidin"],"_links":{"self":[{"href":"https:\/\/www.acapulcopress.com\/index.php\/wp-json\/wp\/v2\/posts\/1220675","targetHints":{"allow":["GET"]}}],"collection":[{"href":"https:\/\/www.acapulcopress.com\/index.php\/wp-json\/wp\/v2\/posts"}],"about":[{"href":"https:\/\/www.acapulcopress.com\/index.php\/wp-json\/wp\/v2\/types\/post"}],"author":[{"embeddable":true,"href":"https:\/\/www.acapulcopress.com\/index.php\/wp-json\/wp\/v2\/users\/2"}],"replies":[{"embeddable":true,"href":"https:\/\/www.acapulcopress.com\/index.php\/wp-json\/wp\/v2\/comments?post=1220675"}],"version-history":[{"count":0,"href":"https:\/\/www.acapulcopress.com\/index.php\/wp-json\/wp\/v2\/posts\/1220675\/revisions"}],"wp:featuredmedia":[{"embeddable":true,"href":"https:\/\/www.acapulcopress.com\/index.php\/wp-json\/"}],"wp:attachment":[{"href":"https:\/\/www.acapulcopress.com\/index.php\/wp-json\/wp\/v2\/media?parent=1220675"}],"wp:term":[{"taxonomy":"category","embeddable":true,"href":"https:\/\/www.acapulcopress.com\/index.php\/wp-json\/wp\/v2\/categories?post=1220675"},{"taxonomy":"post_tag","embeddable":true,"href":"https:\/\/www.acapulcopress.com\/index.php\/wp-json\/wp\/v2\/tags?post=1220675"}],"curies":[{"name":"wp","href":"https:\/\/api.w.org\/{rel}","templated":true}]}}