{"id":1220691,"date":"2021-02-04T23:23:51","date_gmt":"2021-02-05T05:23:51","guid":{"rendered":"https:\/\/www.acapulcopress.com\/?p=1220691"},"modified":"2021-02-04T23:23:51","modified_gmt":"2021-02-05T05:23:51","slug":"reaparecio-amlo-dio-negativo-a-otra-prueba-de-covid19-afirma","status":"publish","type":"post","link":"https:\/\/www.acapulcopress.com\/index.php\/2021\/02\/04\/reaparecio-amlo-dio-negativo-a-otra-prueba-de-covid19-afirma\/","title":{"rendered":"Reapareci\u00f3 AMLO; dio negativo a otra prueba de Covid19, afirma"},"content":{"rendered":"<p style=\"text-align: justify;\">CIUDAD DE M\u00c9XICO. * 4 de febrero de 2021.<br \/>\n<em>] <a href=\"https:\/\/www.forbes.com.mx\/politica-amlo-dice-que-la-proxima-semana-llegaran-mas-vacunas-contra-covid-19\/\" target=\"_blank\" rel=\"noopener\">Forbes<\/a>.<\/em><\/p>\n<p style=\"text-align: justify;\">Andr\u00e9s Manuel L\u00f3pez Obrador, presidente de M\u00e9xico, apareci\u00f3 la noche de este jueves en un video donde inform\u00f3 que tras una prueba que le realizaron en la ma\u00f1ana, ya dio negativo a Covid-19, sin embargo, seguir\u00e1 en confinamiento.<\/p>\n<p style=\"text-align: justify;\">\u201cMe da mucho gusto poder comunicarles que me hicieron la prueba de ant\u00edgeno hoy por la ma\u00f1ana y sal\u00ed negativo, desde luego, todav\u00eda tengo que esperar unos d\u00edas m\u00e1s pero ya estoy bien de salud\u201d, dijo.<\/p>\n<p style=\"text-align: justify;\">El mandatario tambi\u00e9n asegur\u00f3 que la pr\u00f3xima semana llegar\u00e1n m\u00e1s vacunas para combatir al virus.<\/p>\n<p style=\"text-align: justify;\">\u201cYa tenemos hechos los contratos y la semana pr\u00f3xima empiezan a llegar ya vacunas en buena cantidad, ya dosis suficientes para que inicie la campa\u00f1a nacional de vacunaci\u00f3n\u201d, dijo, sin dar detalles espec\u00edficos de las mismas, desde Palacio Nacional.<\/p>\n<p style=\"text-align: justify;\">L\u00f3pez Obrador reiter\u00f3 que en marzo y abril se vacunar\u00e1 a los adultos mayores y despu\u00e9s comenzar\u00e1n a aplicar las dosis al resto de la poblaci\u00f3n.<\/p>\n<p style=\"text-align: justify;\">\u201cEsto nos va a proteger, nos va a dar mucha seguridad ante esta terrible pandemia, vamos a salir adelante en lo relacionado con la crisis sanitaria, vamos, desde luego a seguirnos cuidando, a seguirnos protegiendo, y tengamos fe de que ya no nos vamos a enfermar y lo m\u00e1s importante que vamos a salvar vidas\u201d, expres\u00f3.<\/p>\n<p style=\"text-align: justify;\">El presidente se dijo optimista respecto a la recuperaci\u00f3n econ\u00f3mica ya que el 2021 \u201cpinta bien\u201d porque ya no se han perdido empleos en enero y en febrero se han creado empleos.<\/p>\n<p style=\"text-align: justify;\">\u201cTengo datos de los primeros tres d\u00edas de febrero, se han creado 33 mil nuevos empleos en tres d\u00edas, o sea, pinta bien febrero\u201d, dijo.<\/p>\n<p style=\"text-align: justify;\">Sobre enero, dijo que fue un buen mes en cuanto a consumo interno, de acuerdo a las ventas de las tiendas departamentales y las de autoservicio, estas \u00faltimas en dicho mes \u201cvendieron alrededor de 125 mil millones de pesos\u201d.<\/p>\n<p style=\"text-align: justify;\">\u201cEn enero de 2020 vendieron estas tiendas 115 mil millones, es decir, de enero de 2020 a enero de 2021 aumentaron en 10 mil millones de pesos las ventas, no tenemos una crisis de consumo\u201d, dijo.<\/p>\n<p style=\"text-align: justify;\">Tambi\u00e9n, destac\u00f3 que algo que ayud\u00f3 mucho a la econom\u00eda mexicana fue el crecimiento de las remesas de los mexicanos que trabajan en Estados Unidos, ya que en 2020 hubo r\u00e9cord de \u201c40,600 millones de d\u00f3lares\u201d, ya que \u00e9stas crecieron de 2019 al 2020, en 11%.<\/p>\n<p><code><\/code><\/p>\n<blockquote class=\"twitter-tweet\">\n<p dir=\"ltr\" lang=\"es\">La honradez es la mejor pol\u00edtica y gobernar es humanismo.<a href=\"https:\/\/t.co\/XryAfdMMsR\">https:\/\/t.co\/XryAfdMMsR<\/a> <a href=\"https:\/\/t.co\/N59vYc3gtm\">pic.twitter.com\/N59vYc3gtm<\/a><\/p>\n<p>\u2014 Andr\u00e9s Manuel (@lopezobrador_) <a href=\"https:\/\/twitter.com\/lopezobrador_\/status\/1357525136610635777?ref_src=twsrc%5Etfw\">February 5, 2021<\/a><\/p><\/blockquote>\n<p><script async src=\"https:\/\/platform.twitter.com\/widgets.js\" charset=\"utf-8\"><\/script><\/p>\n","protected":false},"excerpt":{"rendered":"<p>CIUDAD DE M\u00c9XICO. * 4 de febrero de 2021. ] Forbes. Andr\u00e9s Manuel L\u00f3pez Obrador, presidente de M\u00e9xico, apareci\u00f3 la noche de este jueves en un video donde inform\u00f3 que tras una prueba que le realizaron en la ma\u00f1ana, ya dio negativo a Covid-19, sin embargo, seguir\u00e1 en confinamiento. \u201cMe da mucho gusto poder comunicarles&#8230;<\/p>\n","protected":false},"author":2,"featured_media":1220692,"comment_status":"closed","ping_status":"closed","sticky":false,"template":"","format":"standard","meta":{"footnotes":""},"categories":[1972,18573,18574,1984],"tags":[3793,6705],"class_list":["post-1220691","post","type-post","status-publish","format-standard","has-post-thumbnail","hentry","category-special","category-goverment","category-gobierno-la-foto","category-gobierno-de-mexico","tag-amlo","tag-covid19"],"_links":{"self":[{"href":"https:\/\/www.acapulcopress.com\/index.php\/wp-json\/wp\/v2\/posts\/1220691","targetHints":{"allow":["GET"]}}],"collection":[{"href":"https:\/\/www.acapulcopress.com\/index.php\/wp-json\/wp\/v2\/posts"}],"about":[{"href":"https:\/\/www.acapulcopress.com\/index.php\/wp-json\/wp\/v2\/types\/post"}],"author":[{"embeddable":true,"href":"https:\/\/www.acapulcopress.com\/index.php\/wp-json\/wp\/v2\/users\/2"}],"replies":[{"embeddable":true,"href":"https:\/\/www.acapulcopress.com\/index.php\/wp-json\/wp\/v2\/comments?post=1220691"}],"version-history":[{"count":0,"href":"https:\/\/www.acapulcopress.com\/index.php\/wp-json\/wp\/v2\/posts\/1220691\/revisions"}],"wp:featuredmedia":[{"embeddable":true,"href":"https:\/\/www.acapulcopress.com\/index.php\/wp-json\/"}],"wp:attachment":[{"href":"https:\/\/www.acapulcopress.com\/index.php\/wp-json\/wp\/v2\/media?parent=1220691"}],"wp:term":[{"taxonomy":"category","embeddable":true,"href":"https:\/\/www.acapulcopress.com\/index.php\/wp-json\/wp\/v2\/categories?post=1220691"},{"taxonomy":"post_tag","embeddable":true,"href":"https:\/\/www.acapulcopress.com\/index.php\/wp-json\/wp\/v2\/tags?post=1220691"}],"curies":[{"name":"wp","href":"https:\/\/api.w.org\/{rel}","templated":true}]}}