{"id":1220712,"date":"2021-02-05T00:08:23","date_gmt":"2021-02-05T06:08:23","guid":{"rendered":"https:\/\/www.acapulcopress.com\/?p=1220712"},"modified":"2021-02-05T00:08:23","modified_gmt":"2021-02-05T06:08:23","slug":"freedom-ride-una-pelicula-sobre-john-lewis-y-su-lucha-por-los-derechos-civiles","status":"publish","type":"post","link":"https:\/\/www.acapulcopress.com\/index.php\/2021\/02\/05\/freedom-ride-una-pelicula-sobre-john-lewis-y-su-lucha-por-los-derechos-civiles\/","title":{"rendered":"&#8216;Freedom Ride&#8217;, una pel\u00edcula sobre John Lewis y su lucha por los derechos civiles"},"content":{"rendered":"<p style=\"text-align: justify;\">LOS \u00c1NGELES. * 4 de febrero de 2021.<br \/>\n<em>] <a href=\"https:\/\/www.efe.com\/efe\/america\/cultura\/john-lewis-tendra-una-pelicula-que-repasara-su-lucha-por-los-derechos-civiles\/20000009-4457863\" target=\"_blank\" rel=\"noopener\">Efe<\/a>.<\/em><\/p>\n<p style=\"text-align: justify;\">Una pel\u00edcula repasar\u00e1 la vida de John Lewis, el hist\u00f3rico dirigente afroamericano y congresista estadounidense que fue fundamental en la lucha por los derechos civiles hasta su fallecimiento el pasado verano, por un c\u00e1ncer de p\u00e1ncreas a los 80 a\u00f1os.<\/p>\n<p style=\"text-align: justify;\">El filme se titular\u00e1 &#8216;Freedom Ride&#8217;, en referencia a los activistas que en la d\u00e9cada de 1960 se sub\u00edan a los autobuses de l\u00ednea segregados y se sentaban en los asientos de los blancos a pesar de que pod\u00edan ser atacados por ello.<\/p>\n<p style=\"text-align: justify;\">Seg\u00fan el diario <em>Deadline,<\/em> el cineasta Deon Taylor (&#8216;Black and Blue&#8217;, &#8216;Fatale&#8217;) ser\u00e1 el encargado de recrear esta etapa en la historia de Estados Unidos marcada por la conquista de derechos para la comunidad afroamericana.<\/p>\n<p style=\"text-align: justify;\">En el proyecto tambi\u00e9n participar\u00e1 el abogado Benjamin Crump, representante de las familias de George Floyd y Trayvon Martin, dos v\u00edctimas de violencia racista en sonados casos medi\u00e1ticos.<\/p>\n<p style=\"text-align: justify;\">Siguiendo el ejemplo de Rosa Parks, los \u00abFreedom Riders\u00bb viajaban por las zonas m\u00e1s racistas del sur de Estados Unidos en autobuses donde fueron atacados por el Ku Klux Klan. Durante esta etapa, Lewis lleg\u00f3 a ser detenido unas 40 veces.<\/p>\n<p style=\"text-align: justify;\">Amigo cercano de Martin Luther King, fue uno de los impulsores de la Marcha en Washington por el trabajo y la libertad de 1963, donde particip\u00f3 como orador precediendo su intervenci\u00f3n al hist\u00f3rico discurso &#8216;I have a dream&#8217; de Luther King.<\/p>\n<p style=\"text-align: justify;\">A principios de los a\u00f1os 1980 fue concejal en Atlanta, y en 1987 lleg\u00f3 al Congreso en representaci\u00f3n de Georgia, un puesto que ocup\u00f3 hasta su muerte en julio del a\u00f1o pasado y en el que fue muy reconocido. Apodado \u00abla conciencia del Congreso\u00bb, Lewis fue una figura fundamental del Partido Dem\u00f3crata y de la pol\u00edtica norteamericana.<\/p>\n","protected":false},"excerpt":{"rendered":"<p>LOS \u00c1NGELES. * 4 de febrero de 2021. ] Efe. Una pel\u00edcula repasar\u00e1 la vida de John Lewis, el hist\u00f3rico dirigente afroamericano y congresista estadounidense que fue fundamental en la lucha por los derechos civiles hasta su fallecimiento el pasado verano, por un c\u00e1ncer de p\u00e1ncreas a los 80 a\u00f1os. El filme se titular\u00e1 &#8216;Freedom&#8230;<\/p>\n","protected":false},"author":2,"featured_media":1220713,"comment_status":"closed","ping_status":"closed","sticky":false,"template":"","format":"standard","meta":{"footnotes":""},"categories":[18563,1988],"tags":[7079,8921,10844,11495],"class_list":["post-1220712","post","type-post","status-publish","format-standard","has-post-thumbnail","hentry","category-entretenimiento","category-lifestyles","tag-deon-taylor","tag-freedom-ride","tag-john-lewis","tag-ku-klux-klan"],"_links":{"self":[{"href":"https:\/\/www.acapulcopress.com\/index.php\/wp-json\/wp\/v2\/posts\/1220712","targetHints":{"allow":["GET"]}}],"collection":[{"href":"https:\/\/www.acapulcopress.com\/index.php\/wp-json\/wp\/v2\/posts"}],"about":[{"href":"https:\/\/www.acapulcopress.com\/index.php\/wp-json\/wp\/v2\/types\/post"}],"author":[{"embeddable":true,"href":"https:\/\/www.acapulcopress.com\/index.php\/wp-json\/wp\/v2\/users\/2"}],"replies":[{"embeddable":true,"href":"https:\/\/www.acapulcopress.com\/index.php\/wp-json\/wp\/v2\/comments?post=1220712"}],"version-history":[{"count":0,"href":"https:\/\/www.acapulcopress.com\/index.php\/wp-json\/wp\/v2\/posts\/1220712\/revisions"}],"wp:featuredmedia":[{"embeddable":true,"href":"https:\/\/www.acapulcopress.com\/index.php\/wp-json\/"}],"wp:attachment":[{"href":"https:\/\/www.acapulcopress.com\/index.php\/wp-json\/wp\/v2\/media?parent=1220712"}],"wp:term":[{"taxonomy":"category","embeddable":true,"href":"https:\/\/www.acapulcopress.com\/index.php\/wp-json\/wp\/v2\/categories?post=1220712"},{"taxonomy":"post_tag","embeddable":true,"href":"https:\/\/www.acapulcopress.com\/index.php\/wp-json\/wp\/v2\/tags?post=1220712"}],"curies":[{"name":"wp","href":"https:\/\/api.w.org\/{rel}","templated":true}]}}