{"id":1220719,"date":"2021-02-05T16:45:15","date_gmt":"2021-02-05T22:45:15","guid":{"rendered":"https:\/\/www.acapulcopress.com\/?p=1220719"},"modified":"2021-02-05T16:45:15","modified_gmt":"2021-02-05T22:45:15","slug":"fge-cumplimenta-orden-de-aprehension-contra-probable-responsable-de-lesiones","status":"publish","type":"post","link":"https:\/\/www.acapulcopress.com\/index.php\/2021\/02\/05\/fge-cumplimenta-orden-de-aprehension-contra-probable-responsable-de-lesiones\/","title":{"rendered":"FGE cumplimenta orden de aprehensi\u00f3n contra probable responsable de lesiones"},"content":{"rendered":"<p>CHILPANCINGO. * 5 de febrero de 2021.<br \/>\n<em>]\u00a0 <a href=\"https:\/\/fiscaliaguerrero.gob.mx\" target=\"_blank\" rel=\"noopener\">https:\/\/fiscaliaguerrero.gob.mx<\/a>.<\/em><\/p>\n<p style=\"text-align: justify;\">Fiscal\u00eda de Guerrero a trav\u00e9s de la Polic\u00eda Investigadora Ministerial cumpliment\u00f3 la orden de aprehensi\u00f3n en contra de Jos\u00e9 Manuel \u00abN\u00bb, detenido como probable responsable del delito de Lesiones en agravio de Alfonso \u00abN\u00bb, hechos en n causa penal 116-II\/2009 y puesto a disposici\u00f3n del Juez del Distrito Judicial de Abasolo.<\/p>\n<p>VIOLADOR CAPTURADO<\/p>\n<p>En otro caso,\u00a0 la Polic\u00eda Investigadora Ministerial dio cumplimiento al mandato judicial en contra de quien dijo llamarse Jes\u00fas \u00abN\u00bb, detenido en la ciudad de Tixtla como probable responsable del delito de Violaci\u00f3n, hechos en la carpeta judicial C-17\/2021, queda a disposici\u00f3n del Juez de Control y Enjuiciamiento Penal del Distrito Judicial de Bravos.<\/p>\n<p><img loading=\"lazy\" decoding=\"async\" class=\"alignnone wp-image-1220729 \" src=\"https:\/\/www.acapulco.press\/wp-content\/uploads\/2021\/02\/fGE-JESUS.jpg\" alt=\"\" width=\"820\" height=\"820\" \/><\/p>\n","protected":false},"excerpt":{"rendered":"<p>CHILPANCINGO. * 5 de febrero de 2021. ]\u00a0 https:\/\/fiscaliaguerrero.gob.mx. Fiscal\u00eda de Guerrero a trav\u00e9s de la Polic\u00eda Investigadora Ministerial cumpliment\u00f3 la orden de aprehensi\u00f3n en contra de Jos\u00e9 Manuel \u00abN\u00bb, detenido como probable responsable del delito de Lesiones en agravio de Alfonso \u00abN\u00bb, hechos en n causa penal 116-II\/2009 y puesto a disposici\u00f3n del Juez&#8230;<\/p>\n","protected":false},"author":2,"featured_media":1220720,"comment_status":"closed","ping_status":"closed","sticky":false,"template":"","format":"standard","meta":{"footnotes":""},"categories":[18561,2005],"tags":[8682,10946,14737],"class_list":["post-1220719","post","type-post","status-publish","format-standard","has-post-thumbnail","hentry","category-society-politics","category-seguridad-y-justicia","tag-fiscalia-general-de-guerrero-fge","tag-jorge-zuriel-de-los-santos-barrila","tag-policia-ministerial-de-guerrero"],"_links":{"self":[{"href":"https:\/\/www.acapulcopress.com\/index.php\/wp-json\/wp\/v2\/posts\/1220719","targetHints":{"allow":["GET"]}}],"collection":[{"href":"https:\/\/www.acapulcopress.com\/index.php\/wp-json\/wp\/v2\/posts"}],"about":[{"href":"https:\/\/www.acapulcopress.com\/index.php\/wp-json\/wp\/v2\/types\/post"}],"author":[{"embeddable":true,"href":"https:\/\/www.acapulcopress.com\/index.php\/wp-json\/wp\/v2\/users\/2"}],"replies":[{"embeddable":true,"href":"https:\/\/www.acapulcopress.com\/index.php\/wp-json\/wp\/v2\/comments?post=1220719"}],"version-history":[{"count":0,"href":"https:\/\/www.acapulcopress.com\/index.php\/wp-json\/wp\/v2\/posts\/1220719\/revisions"}],"wp:featuredmedia":[{"embeddable":true,"href":"https:\/\/www.acapulcopress.com\/index.php\/wp-json\/"}],"wp:attachment":[{"href":"https:\/\/www.acapulcopress.com\/index.php\/wp-json\/wp\/v2\/media?parent=1220719"}],"wp:term":[{"taxonomy":"category","embeddable":true,"href":"https:\/\/www.acapulcopress.com\/index.php\/wp-json\/wp\/v2\/categories?post=1220719"},{"taxonomy":"post_tag","embeddable":true,"href":"https:\/\/www.acapulcopress.com\/index.php\/wp-json\/wp\/v2\/tags?post=1220719"}],"curies":[{"name":"wp","href":"https:\/\/api.w.org\/{rel}","templated":true}]}}