{"id":1220727,"date":"2021-02-05T19:25:09","date_gmt":"2021-02-06T01:25:09","guid":{"rendered":"https:\/\/www.acapulcopress.com\/?p=1220727"},"modified":"2021-02-05T19:25:09","modified_gmt":"2021-02-06T01:25:09","slug":"asistio-gobernador-astudillo-al-104-aniversario-de-la-promulgacion-de-la-constitucion","status":"publish","type":"post","link":"https:\/\/www.acapulcopress.com\/index.php\/2021\/02\/05\/asistio-gobernador-astudillo-al-104-aniversario-de-la-promulgacion-de-la-constitucion\/","title":{"rendered":"Asisti\u00f3 Gobernador Astudillo al 104 Aniversario de la Promulgaci\u00f3n de la Constituci\u00f3n"},"content":{"rendered":"<p style=\"text-align: justify;\">QUER\u00c9TARO. * 5 de febrero de 2021.<br \/>\n<em>] Gobierno de Guerrero.<\/em><\/p>\n<p style=\"text-align: justify;\">El gobernador H\u00e9ctor Astudillo Flores asisti\u00f3 a la ceremonia solemne por el 104 aniversario de la promulgaci\u00f3n de la Constituci\u00f3n de los Estados Unidos Mexicanos de 1917 que se realiz\u00f3 en la ciudad de Quer\u00e9taro, acto encabezado por <img loading=\"lazy\" decoding=\"async\" class=\"alignleft size-medium wp-image-1220733\" src=\"https:\/\/www.acapulco.press\/wp-content\/uploads\/2021\/02\/HAF-CONSTITUCION-2-375x250.jpeg\" alt=\"\" width=\"375\" height=\"250\" \/>la secretaria de Gobernaci\u00f3n, Olga S\u00e1nchez Cordero.<\/p>\n<p style=\"text-align: justify;\">Astudillo Flores manifest\u00f3 que es importante conmemorar esta fecha en la que se promulg\u00f3 nuestra carta magna, documento que plasm\u00f3 la aspiraci\u00f3n de los derechos sociales, soberan\u00eda, libertad y trabajo del pueblo mexicano.<\/p>\n<p style=\"text-align: justify;\">Destac\u00f3 que guerrerenses como Fidel Jim\u00e9nez, Fidel R. Guill\u00e9n y Francisco Figueroa, formaron parte de los diputados constituyentes que promulgaron la Constituci\u00f3n de 1917, lo que es motivo de orgullo para esta entidad suriana.<\/p>\n<p style=\"text-align: justify;\">El ejecutivo guerrerense se uni\u00f3 al llamado a la unidad que la secretaria de Gobernaci\u00f3n, Olga S\u00e1nchez Cordero hizo desde el Teatro de la Rep\u00fablica, en el marco de la conmemoraci\u00f3n del 104 Aniversario de la Promulgaci\u00f3n de la Constituci\u00f3n Pol\u00edtica de los Estados Unidos Mexicanos.<\/p>\n<p style=\"text-align: justify;\">\u201cEn este majestuoso recinto llamo hoy a todas las fuerzas pol\u00edticas, a todos los ciudadanos y ciudadanas, al pueblo de M\u00e9xico a renovar nuestra alianza, a volvernos a unir en una sola la voz, en un solo coraz\u00f3n, en una sola palabra, rescatar la fuerza de M\u00e9xico\u201d, manifest\u00f3 la encargada de la pol\u00edtica interna del pa\u00eds al emitir un mensaje en representaci\u00f3n del presidente Andr\u00e9s Manuel L\u00f3pez Obrador.<\/p>\n","protected":false},"excerpt":{"rendered":"<p>QUER\u00c9TARO. * 5 de febrero de 2021. ] Gobierno de Guerrero. El gobernador H\u00e9ctor Astudillo Flores asisti\u00f3 a la ceremonia solemne por el 104 aniversario de la promulgaci\u00f3n de la Constituci\u00f3n de los Estados Unidos Mexicanos de 1917 que se realiz\u00f3 en la ciudad de Quer\u00e9taro, acto encabezado por la secretaria de Gobernaci\u00f3n, Olga S\u00e1nchez&#8230;<\/p>\n","protected":false},"author":2,"featured_media":1220734,"comment_status":"closed","ping_status":"closed","sticky":false,"template":"","format":"standard","meta":{"footnotes":""},"categories":[1972,18573,18574,1983],"tags":[6514,9705,13906,16196,16197],"class_list":["post-1220727","post","type-post","status-publish","format-standard","has-post-thumbnail","hentry","category-special","category-goverment","category-gobierno-la-foto","category-guerrerogob","tag-constitucion-de-los-estados-unidos-mexicanos-de-1917","tag-hector-astudillo-flores","tag-olga-sanchez-cordero","tag-secretaria-de-gobernacion","tag-secretaria-de-gobernacion-segob"],"_links":{"self":[{"href":"https:\/\/www.acapulcopress.com\/index.php\/wp-json\/wp\/v2\/posts\/1220727","targetHints":{"allow":["GET"]}}],"collection":[{"href":"https:\/\/www.acapulcopress.com\/index.php\/wp-json\/wp\/v2\/posts"}],"about":[{"href":"https:\/\/www.acapulcopress.com\/index.php\/wp-json\/wp\/v2\/types\/post"}],"author":[{"embeddable":true,"href":"https:\/\/www.acapulcopress.com\/index.php\/wp-json\/wp\/v2\/users\/2"}],"replies":[{"embeddable":true,"href":"https:\/\/www.acapulcopress.com\/index.php\/wp-json\/wp\/v2\/comments?post=1220727"}],"version-history":[{"count":0,"href":"https:\/\/www.acapulcopress.com\/index.php\/wp-json\/wp\/v2\/posts\/1220727\/revisions"}],"wp:featuredmedia":[{"embeddable":true,"href":"https:\/\/www.acapulcopress.com\/index.php\/wp-json\/"}],"wp:attachment":[{"href":"https:\/\/www.acapulcopress.com\/index.php\/wp-json\/wp\/v2\/media?parent=1220727"}],"wp:term":[{"taxonomy":"category","embeddable":true,"href":"https:\/\/www.acapulcopress.com\/index.php\/wp-json\/wp\/v2\/categories?post=1220727"},{"taxonomy":"post_tag","embeddable":true,"href":"https:\/\/www.acapulcopress.com\/index.php\/wp-json\/wp\/v2\/tags?post=1220727"}],"curies":[{"name":"wp","href":"https:\/\/api.w.org\/{rel}","templated":true}]}}