{"id":1220740,"date":"2021-02-05T19:55:06","date_gmt":"2021-02-06T01:55:06","guid":{"rendered":"https:\/\/www.acapulcopress.com\/?p=1220740"},"modified":"2021-02-05T19:55:06","modified_gmt":"2021-02-06T01:55:06","slug":"en-guerrero-hay-lucha-frontal-contra-el-covid-19-gobernador","status":"publish","type":"post","link":"https:\/\/www.acapulcopress.com\/index.php\/2021\/02\/05\/en-guerrero-hay-lucha-frontal-contra-el-covid-19-gobernador\/","title":{"rendered":"En Guerrero hay lucha frontal contra el Covid-19 | Gobernador"},"content":{"rendered":"<p style=\"text-align: justify;\">ACAPULCO. * 5 de febrero de 2021.<br \/>\n<em>] Gobierno de Guerrero.<\/em><\/p>\n<p style=\"text-align: justify;\">A trav\u00e9s de un videomensaje, el gobernador del estado H\u00e9ctor Astudillo Flores, pidi\u00f3 a la poblaci\u00f3n seguir en este esfuerzo conjunto para seguir guardando las medidas de higiene y sobre todo, coadyuvar para lograr una disminuci\u00f3n en los \u00edndices de contagios por Covid-19, as\u00ed como las hospitalizaciones y decesos.<\/p>\n<p style=\"text-align: justify;\">En este sentido se refiri\u00f3 a los esfuerzos institucionales para implementar un operativo que permita resguardar las playas de Acapulco y Zihuatanejo, vigilando que se cumpla de manera puntual con todo lo establecido dentro de las indicaciones de las autoridades, sobre todo en lo que respecta a los horarios.<\/p>\n<p style=\"text-align: justify;\">Desde la ciudad de Quer\u00e9taro, a donde asisti\u00f3 como invitado a la ceremonia del 104 aniversario de la promulgaci\u00f3n de la Constituci\u00f3n Mexicana, el mandatario estatal anunci\u00f3 que el pr\u00f3ximo 15 de febrero llegar\u00e1 la segunda dosis para aplicarla al personal que labora en las instituciones p\u00fablicas de Salud en el estado.<\/p>\n<p style=\"text-align: justify;\">Para concluir pidi\u00f3 a la poblaci\u00f3n mayor de 60 a\u00f1os que a\u00fan no lo ha hecho, inscribirse en la p\u00e1gina mivacuna.salud.gob.mx, para poder recibir la vacuna contra el Covid-19.<\/p>\n<p style=\"text-align: justify;\">\u201cNo importa c\u00f3mo se est\u00e9n inscribiendo, de acuerdo a la reuni\u00f3n que tuvimos ayer con la secretaria de Gobernaci\u00f3n, de los gobernadores del pa\u00eds con el subsecretario L\u00f3pez-Gatell, la vacuna para adultos mayores se va a ir colocando conforme a edades; as\u00ed que no hay ning\u00fan problema si alguien se escribi\u00f3 antier o alguien se inscribe pasado ma\u00f1ana\u201d, dijo.<\/p>\n<p style=\"text-align: justify;\">Refuerzan operativo en 16 playas de Acapulco y Zihuatanejo<\/p>\n<p style=\"text-align: justify;\">En tanto que el jefe de la Oficina del Gobernador, Alejandro Bravo Abarca Abarca destac\u00f3 la coordinaci\u00f3n interinstitucional para reforzar el operativo de vigilancia en 11 playas de Acapulco y 5 de Zihuatanejo. Esto a trav\u00e9s de una estrategia que se aplicar\u00e1 los fines de semana para verificar que se cumplan las disposiciones establecidas por las autoridades sanitarias en cuanto a horarios, aforos y el seguimiento de los protocolos correspondientes. Se busca que tanto visitantes como residentes se adhieran y adopten las disposiciones preventivas que permitan frenar el avance de la enfermedad en Guerrero.<\/p>\n<p style=\"text-align: justify;\">En este marco, el alcalde de Zihuatanejo, Jorge S\u00e1nchez Allec a trav\u00e9s de un enlace, explic\u00f3 que en ese municipio se ha hecho eco de todas estas disposiciones y ofreci\u00f3 toda su colaboraci\u00f3n para seguir transitando en este camino de combate al Covid-19.<\/p>\n<p style=\"text-align: justify;\"><strong>Los n\u00fameros del Covid-19 en la entidad<br \/>\n<\/strong><br \/>\nEn su participaci\u00f3n el titular de Salud inform\u00f3 que hasta este viernes, la entidad acumula 32 mil 291 casos y 3 mil 182 defunciones; hay 193 casos nuevos y 975 casos activos. En este \u00faltimo rubro, detall\u00f3 que la vigilancia es un indicador para poder detectar cu\u00e1les son los puntos a atender de manera prioritaria.<\/p>\n<p style=\"text-align: justify;\">\u201cEsto no da una clara idea hacia d\u00f3nde est\u00e1 circulando el virus y hacia d\u00f3nde debemos fortalecer nuestras actividades\u201d, explic\u00f3.<\/p>\n<p style=\"text-align: justify;\">Hay 417 pacientes hospitalizados, de los cuales 77 est\u00e1n en estado cr\u00edtico intubados; esto habla de que hay una cierta tendencia a la estabilizaci\u00f3n en este rubro, pero es necesario que la poblaci\u00f3n siga incrementando los cuidados para que verdaderamente haya una tendencia a disminuir el riesgo de contagio, se\u00f1al\u00f3 De la Pe\u00f1a Pintos.<br \/>\nEn el mes de febrero se mantiene un promedio de 26.2 defunciones por d\u00eda, mientras que en el porcentaje de hospitalizaci\u00f3n la entidad se encuentra al 57%, por arriba de la media nacional que es de 55. En cuanto al uso de ventilador hay un 35% de ocupaci\u00f3n, cifra que est\u00e1 por debajo de la media nacional que es del 50%.<\/p>\n","protected":false},"excerpt":{"rendered":"<p>ACAPULCO. * 5 de febrero de 2021. ] Gobierno de Guerrero. A trav\u00e9s de un videomensaje, el gobernador del estado H\u00e9ctor Astudillo Flores, pidi\u00f3 a la poblaci\u00f3n seguir en este esfuerzo conjunto para seguir guardando las medidas de higiene y sobre todo, coadyuvar para lograr una disminuci\u00f3n en los \u00edndices de contagios por Covid-19, as\u00ed&#8230;<\/p>\n","protected":false},"author":2,"featured_media":1220741,"comment_status":"closed","ping_status":"closed","sticky":false,"template":"","format":"standard","meta":{"footnotes":""},"categories":[18573,1983],"tags":[],"class_list":["post-1220740","post","type-post","status-publish","format-standard","has-post-thumbnail","hentry","category-goverment","category-guerrerogob"],"_links":{"self":[{"href":"https:\/\/www.acapulcopress.com\/index.php\/wp-json\/wp\/v2\/posts\/1220740","targetHints":{"allow":["GET"]}}],"collection":[{"href":"https:\/\/www.acapulcopress.com\/index.php\/wp-json\/wp\/v2\/posts"}],"about":[{"href":"https:\/\/www.acapulcopress.com\/index.php\/wp-json\/wp\/v2\/types\/post"}],"author":[{"embeddable":true,"href":"https:\/\/www.acapulcopress.com\/index.php\/wp-json\/wp\/v2\/users\/2"}],"replies":[{"embeddable":true,"href":"https:\/\/www.acapulcopress.com\/index.php\/wp-json\/wp\/v2\/comments?post=1220740"}],"version-history":[{"count":0,"href":"https:\/\/www.acapulcopress.com\/index.php\/wp-json\/wp\/v2\/posts\/1220740\/revisions"}],"wp:featuredmedia":[{"embeddable":true,"href":"https:\/\/www.acapulcopress.com\/index.php\/wp-json\/"}],"wp:attachment":[{"href":"https:\/\/www.acapulcopress.com\/index.php\/wp-json\/wp\/v2\/media?parent=1220740"}],"wp:term":[{"taxonomy":"category","embeddable":true,"href":"https:\/\/www.acapulcopress.com\/index.php\/wp-json\/wp\/v2\/categories?post=1220740"},{"taxonomy":"post_tag","embeddable":true,"href":"https:\/\/www.acapulcopress.com\/index.php\/wp-json\/wp\/v2\/tags?post=1220740"}],"curies":[{"name":"wp","href":"https:\/\/api.w.org\/{rel}","templated":true}]}}