{"id":1220756,"date":"2021-02-07T22:02:07","date_gmt":"2021-02-08T04:02:07","guid":{"rendered":"https:\/\/www.acapulcopress.com\/?p=1220756"},"modified":"2021-02-07T22:02:07","modified_gmt":"2021-02-08T04:02:07","slug":"llama-yair-a-consumir-lo-local-es-momento-de-solidarizarse-con-quienes-viven-al-dia-con-sus-negocios","status":"publish","type":"post","link":"https:\/\/www.acapulcopress.com\/index.php\/2021\/02\/07\/llama-yair-a-consumir-lo-local-es-momento-de-solidarizarse-con-quienes-viven-al-dia-con-sus-negocios\/","title":{"rendered":"Llama #Yair a consumir lo local; es momento de solidarizarse con quienes viven al d\u00eda con sus negocios"},"content":{"rendered":"<p style=\"text-align: justify;\"><img loading=\"lazy\" decoding=\"async\" class=\"alignnone wp-image-1220761 size-large\" src=\"https:\/\/www.acapulco.press\/wp-content\/uploads\/2021\/02\/YAIR5-840x630.jpg\" alt=\"\" width=\"840\" height=\"630\" \/><\/p>\n<p style=\"text-align: justify;\">ACAPULCO. * 7 de febrero de 2021.<br \/>\n<em>] Especial.<br \/>\n<\/em><br \/>\n<img loading=\"lazy\" decoding=\"async\" class=\"alignleft size-medium wp-image-1220758\" src=\"https:\/\/www.acapulco.press\/wp-content\/uploads\/2021\/02\/YAIR2-375x500.jpg\" alt=\"\" width=\"375\" height=\"500\" \/>El C<em>iudadano de Tiempo Completo,<\/em> Yair Garc\u00eda Delgado, exhort\u00f3 a la poblaci\u00f3n a solidarizarse con quienes viven al d\u00eda con sus comercios consumiendo, consumiendo productos locales.<\/p>\n<p style=\"text-align: justify;\">\u00abCientos de empleos y negocios se perdieron con la aparici\u00f3n de la pandemia de Covid 19 y la falta de incentivos fiscales ha empeorado la situaci\u00f3n de muchas familias acapulque\u00f1as\u00bb, dijo.<\/p>\n<p style=\"text-align: justify;\">\u201cLa estrategia parece menor, pero la realidad es que permite construir una alternativa de apoyo que consolida el mercado local y amortigua el impacto de la crisis econ\u00f3mica que trae la pandemia consigo\u201d, a\u00f1adi\u00f3 Garc\u00eda Delgado, quien exhort\u00f3 a los comerciantes locales a promocionarse en (en las redes sociales) para que sus productos lleguen a m\u00e1s personas y se una al consumo de productos locales.<\/p>\n\n","protected":false},"excerpt":{"rendered":"<p>ACAPULCO. * 7 de febrero de 2021. ] Especial. El Ciudadano de Tiempo Completo, Yair Garc\u00eda Delgado, exhort\u00f3 a la poblaci\u00f3n a solidarizarse con quienes viven al d\u00eda con sus comercios consumiendo, consumiendo productos locales. \u00abCientos de empleos y negocios se perdieron con la aparici\u00f3n de la pandemia de Covid 19 y la falta de&#8230;<\/p>\n","protected":false},"author":2,"featured_media":1220759,"comment_status":"closed","ping_status":"closed","sticky":false,"template":"","format":"standard","meta":{"footnotes":""},"categories":[2024,18561],"tags":[5826,18204],"class_list":["post-1220756","post","type-post","status-publish","format-standard","has-post-thumbnail","hentry","category-politica-activism","category-society-politics","tag-ciudadano-de-tiempo-completo","tag-yair-garcia-delgado"],"_links":{"self":[{"href":"https:\/\/www.acapulcopress.com\/index.php\/wp-json\/wp\/v2\/posts\/1220756","targetHints":{"allow":["GET"]}}],"collection":[{"href":"https:\/\/www.acapulcopress.com\/index.php\/wp-json\/wp\/v2\/posts"}],"about":[{"href":"https:\/\/www.acapulcopress.com\/index.php\/wp-json\/wp\/v2\/types\/post"}],"author":[{"embeddable":true,"href":"https:\/\/www.acapulcopress.com\/index.php\/wp-json\/wp\/v2\/users\/2"}],"replies":[{"embeddable":true,"href":"https:\/\/www.acapulcopress.com\/index.php\/wp-json\/wp\/v2\/comments?post=1220756"}],"version-history":[{"count":0,"href":"https:\/\/www.acapulcopress.com\/index.php\/wp-json\/wp\/v2\/posts\/1220756\/revisions"}],"wp:featuredmedia":[{"embeddable":true,"href":"https:\/\/www.acapulcopress.com\/index.php\/wp-json\/"}],"wp:attachment":[{"href":"https:\/\/www.acapulcopress.com\/index.php\/wp-json\/wp\/v2\/media?parent=1220756"}],"wp:term":[{"taxonomy":"category","embeddable":true,"href":"https:\/\/www.acapulcopress.com\/index.php\/wp-json\/wp\/v2\/categories?post=1220756"},{"taxonomy":"post_tag","embeddable":true,"href":"https:\/\/www.acapulcopress.com\/index.php\/wp-json\/wp\/v2\/tags?post=1220756"}],"curies":[{"name":"wp","href":"https:\/\/api.w.org\/{rel}","templated":true}]}}