{"id":1220769,"date":"2021-02-08T17:50:56","date_gmt":"2021-02-08T23:50:56","guid":{"rendered":"https:\/\/www.acapulcopress.com\/?p=1220769"},"modified":"2021-02-08T17:50:56","modified_gmt":"2021-02-08T23:50:56","slug":"atencion-a-poblacion-base-para-mantener-desarrollo-social-de-acapulco-victor-aguirre","status":"publish","type":"post","link":"https:\/\/www.acapulcopress.com\/index.php\/2021\/02\/08\/atencion-a-poblacion-base-para-mantener-desarrollo-social-de-acapulco-victor-aguirre\/","title":{"rendered":"Atenci\u00f3n a poblaci\u00f3n, base para mantener desarrollo social de Acapulco | Aguirre"},"content":{"rendered":"<p style=\"text-align: justify;\">ACAPULCO. * 8 de febrero de 2021.<br \/>\n] Gobierno de Guerrero.<\/p>\n<p style=\"text-align: justify;\"><img loading=\"lazy\" decoding=\"async\" class=\"alignleft size-medium wp-image-1220774\" src=\"https:\/\/www.acapulco.press\/wp-content\/uploads\/2021\/02\/AGUIRRE-ALCAIDE5-1-375x250.jpg\" alt=\"\" width=\"375\" height=\"250\" \/>El regidor con licencia, V\u00edctor Aguirre Alcaide, visit\u00f3 este fin de semana colonias de la zona conurbada de Acapulco, donde reafirm\u00f3 la importancia de trabajar en coordinaci\u00f3n para garantizar el desarrollo urbano y social del puerto.<\/p>\n<p style=\"text-align: justify;\">\u201cVamos a garantizar un plan progresista que potencialice el bienestar de las y los ciudadanos, con los gobiernos federal y estatal, que nos permitir\u00e1 a en ayudar a la sociedad en situaci\u00f3n de pandemia y econ\u00f3mica\u201d, apunt\u00f3.<\/p>\n<p style=\"text-align: justify;\">V\u00edctor Aguirre resalt\u00f3 que el plan para garantizar el desarrollo social y urbano a la zona conurbada de la ciudad es <img loading=\"lazy\" decoding=\"async\" class=\"alignleft size-medium wp-image-1220773\" src=\"https:\/\/www.acapulco.press\/wp-content\/uploads\/2021\/02\/AGUIRRE-ALCAIDE4-1-375x281.jpg\" alt=\"\" width=\"375\" height=\"281\" \/>la atenci\u00f3n a la poblaci\u00f3n, con \u00e9nfasis en brindar y mejorar los servicios p\u00fablicos, distribuci\u00f3n del agua potables en todas las colonias y rehabilitar las calles.<\/p>\n<p style=\"text-align: justify;\">Manifest\u00f3 que la actual administraci\u00f3n municipal no ha garantizado su plan de llevar la transformaci\u00f3n a las colonias del puerto tur\u00edstico, en el que no llev\u00f3 a cabo un plan de desarrollo municipal.<\/p>\n<p style=\"text-align: justify;\">Recorri\u00f3 las colonias Vicente Guerrero, Zapata, Izazaga, Rena y la Autopista del Sol, respetando las medidas sanitarias con el uso de gel y cubrebocas y sana distancia.<\/p>\n","protected":false},"excerpt":{"rendered":"<p>ACAPULCO. * 8 de febrero de 2021. ] Gobierno de Guerrero. El regidor con licencia, V\u00edctor Aguirre Alcaide, visit\u00f3 este fin de semana colonias de la zona conurbada de Acapulco, donde reafirm\u00f3 la importancia de trabajar en coordinaci\u00f3n para garantizar el desarrollo urbano y social del puerto. \u201cVamos a garantizar un plan progresista que potencialice&#8230;<\/p>\n","protected":false},"author":2,"featured_media":1220772,"comment_status":"closed","ping_status":"closed","sticky":false,"template":"","format":"standard","meta":{"footnotes":""},"categories":[2024,18561],"tags":[14804,14895,17843],"class_list":["post-1220769","post","type-post","status-publish","format-standard","has-post-thumbnail","hentry","category-politica-activism","category-society-politics","tag-prd","tag-presidencia-de-acapulco","tag-victor-aguirre-alcaide"],"_links":{"self":[{"href":"https:\/\/www.acapulcopress.com\/index.php\/wp-json\/wp\/v2\/posts\/1220769","targetHints":{"allow":["GET"]}}],"collection":[{"href":"https:\/\/www.acapulcopress.com\/index.php\/wp-json\/wp\/v2\/posts"}],"about":[{"href":"https:\/\/www.acapulcopress.com\/index.php\/wp-json\/wp\/v2\/types\/post"}],"author":[{"embeddable":true,"href":"https:\/\/www.acapulcopress.com\/index.php\/wp-json\/wp\/v2\/users\/2"}],"replies":[{"embeddable":true,"href":"https:\/\/www.acapulcopress.com\/index.php\/wp-json\/wp\/v2\/comments?post=1220769"}],"version-history":[{"count":0,"href":"https:\/\/www.acapulcopress.com\/index.php\/wp-json\/wp\/v2\/posts\/1220769\/revisions"}],"wp:featuredmedia":[{"embeddable":true,"href":"https:\/\/www.acapulcopress.com\/index.php\/wp-json\/"}],"wp:attachment":[{"href":"https:\/\/www.acapulcopress.com\/index.php\/wp-json\/wp\/v2\/media?parent=1220769"}],"wp:term":[{"taxonomy":"category","embeddable":true,"href":"https:\/\/www.acapulcopress.com\/index.php\/wp-json\/wp\/v2\/categories?post=1220769"},{"taxonomy":"post_tag","embeddable":true,"href":"https:\/\/www.acapulcopress.com\/index.php\/wp-json\/wp\/v2\/tags?post=1220769"}],"curies":[{"name":"wp","href":"https:\/\/api.w.org\/{rel}","templated":true}]}}