{"id":1220782,"date":"2021-02-08T18:24:06","date_gmt":"2021-02-09T00:24:06","guid":{"rendered":"https:\/\/www.acapulcopress.com\/?p=1220782"},"modified":"2021-02-08T18:24:06","modified_gmt":"2021-02-09T00:24:06","slug":"fge-consigue-9-anos-de-carcel-contra-violador-de-acapulco","status":"publish","type":"post","link":"https:\/\/www.acapulcopress.com\/index.php\/2021\/02\/08\/fge-consigue-9-anos-de-carcel-contra-violador-de-acapulco\/","title":{"rendered":"FGE consigue 9 a\u00f1os de c\u00e1rcel contra violador de Acapulco"},"content":{"rendered":"<p style=\"text-align: justify;\">CHILPANCINGO. * 8 de febrero de 2021.<br \/>\n<em>] FGE.<\/em><\/p>\n<p style=\"text-align: justify;\">Fiscal\u00eda Guerrero obtiene sentencia de 9 a\u00f1os de prisi\u00f3n en contra de Carlos \u00abN\u00bb como responsable de Violaci\u00f3n Equiparada en Acapulco<\/p>\n<p style=\"text-align: justify;\">Chilpancingo, Gro. 4 de febrero de 2021.- El Ministerio P\u00fablico de Tabares, en Acapulco, obtuvo del Juez Primero Penal la sentencia de 9 a\u00f1os de prisi\u00f3n en contra de Carlos \u00abN\u00bb, como responsable del delito de Violaci\u00f3n Equiparada.<\/p>\n<p style=\"text-align: justify;\">A Carlos \u00abN\u00bb se le acreditaron los hechos de la causa penal 49\/2015-II, donde se le se\u00f1ala de llegar al domicilio en el poblado de Ejido Nuevo y al encontrar sola a la v\u00edctima cometi\u00f3 el delito.<\/p>\n<p style=\"text-align: justify;\">Por lo que el Juez de la Causa dict\u00f3 sentencia condenatoria de 9 a\u00f1os como responsable del delito de Violaci\u00f3n Equiparada, adem\u00e1s de pagar una multa equivalente a 550 d\u00edas de salario m\u00ednimo y por la reparaci\u00f3n del da\u00f1o a la v\u00edctima.<\/p>\n<p>En contraparte,\u00a0 Fiscal\u00eda de Guerrero a trav\u00e9s de la Polic\u00eda Investigadora Ministerial de Acapulco, dio cumplimiento a la orden de aprehensi\u00f3n en contra de quien dijo llamarse Christian Francisco \u00abN\u00bb, detenido como probable responsable del delito de Robo Agravado cometido a una cadena comercial de conveniencia, hechos en la carpeta judicial C-41\/202.<\/p>\n","protected":false},"excerpt":{"rendered":"<p>CHILPANCINGO. * 8 de febrero de 2021. ] FGE. Fiscal\u00eda Guerrero obtiene sentencia de 9 a\u00f1os de prisi\u00f3n en contra de Carlos \u00abN\u00bb como responsable de Violaci\u00f3n Equiparada en Acapulco Chilpancingo, Gro. 4 de febrero de 2021.- El Ministerio P\u00fablico de Tabares, en Acapulco, obtuvo del Juez Primero Penal la sentencia de 9 a\u00f1os de&#8230;<\/p>\n","protected":false},"author":2,"featured_media":1220784,"comment_status":"closed","ping_status":"closed","sticky":false,"template":"","format":"standard","meta":{"footnotes":""},"categories":[18561,2005],"tags":[8682,10946,14737,17925],"class_list":["post-1220782","post","type-post","status-publish","format-standard","has-post-thumbnail","hentry","category-society-politics","category-seguridad-y-justicia","tag-fiscalia-general-de-guerrero-fge","tag-jorge-zuriel-de-los-santos-barrila","tag-policia-ministerial-de-guerrero","tag-violacion-equiparada"],"_links":{"self":[{"href":"https:\/\/www.acapulcopress.com\/index.php\/wp-json\/wp\/v2\/posts\/1220782","targetHints":{"allow":["GET"]}}],"collection":[{"href":"https:\/\/www.acapulcopress.com\/index.php\/wp-json\/wp\/v2\/posts"}],"about":[{"href":"https:\/\/www.acapulcopress.com\/index.php\/wp-json\/wp\/v2\/types\/post"}],"author":[{"embeddable":true,"href":"https:\/\/www.acapulcopress.com\/index.php\/wp-json\/wp\/v2\/users\/2"}],"replies":[{"embeddable":true,"href":"https:\/\/www.acapulcopress.com\/index.php\/wp-json\/wp\/v2\/comments?post=1220782"}],"version-history":[{"count":0,"href":"https:\/\/www.acapulcopress.com\/index.php\/wp-json\/wp\/v2\/posts\/1220782\/revisions"}],"wp:featuredmedia":[{"embeddable":true,"href":"https:\/\/www.acapulcopress.com\/index.php\/wp-json\/"}],"wp:attachment":[{"href":"https:\/\/www.acapulcopress.com\/index.php\/wp-json\/wp\/v2\/media?parent=1220782"}],"wp:term":[{"taxonomy":"category","embeddable":true,"href":"https:\/\/www.acapulcopress.com\/index.php\/wp-json\/wp\/v2\/categories?post=1220782"},{"taxonomy":"post_tag","embeddable":true,"href":"https:\/\/www.acapulcopress.com\/index.php\/wp-json\/wp\/v2\/tags?post=1220782"}],"curies":[{"name":"wp","href":"https:\/\/api.w.org\/{rel}","templated":true}]}}