{"id":1220801,"date":"2021-02-05T19:37:55","date_gmt":"2021-02-06T01:37:55","guid":{"rendered":"https:\/\/www.acapulcopress.com\/?p=1220801"},"modified":"2021-02-05T19:37:55","modified_gmt":"2021-02-06T01:37:55","slug":"supervisan-obras-beneficas-para-la-comunidad-universitaria-de-uagro","status":"publish","type":"post","link":"https:\/\/www.acapulcopress.com\/index.php\/2021\/02\/05\/supervisan-obras-beneficas-para-la-comunidad-universitaria-de-uagro\/","title":{"rendered":"Supervisan obras ben\u00e9ficas para la comunidad universitaria de UAGro"},"content":{"rendered":"<p>CHILPANCINGO. * 5 de febrero de 2021.<br \/>\n<em>] UAGro.<\/em><\/p>\n<p style=\"text-align: justify;\">Como lo anunciamos el a\u00f1o pasado junto al gobernador H\u00e9ctor Astudillo Flores, una de las 36 obras que beneficiar\u00e1n a la comunidad universitaria ser\u00e1 la pavimentaci\u00f3n de la carretera Chilpancingo-Zumpango, la cual conectar\u00e1 a lo largo de 5 km al Hospital General de Zumpango, la Preparatoria No. 36 y al Campus Regional Zumpango. La obra fue supervisada esta ma\u00f1ana por el Arq. Cosovi Ocampo Guzm\u00e1n, encargado de Obras P\u00fablicas del Estado de Guerrero, as\u00ed como el Mtro. Eleazar Morales Ram\u00edrez, Apolonio Bahena Salgado, Sergio Puentes Cisneros, y el Mtro. Jorge Taboada Miranda del CRES Zumpango, inform\u00f3 el Rector Javier Salda\u00f1a Almaz\u00e1n.<\/p>\n<p><img loading=\"lazy\" decoding=\"async\" class=\"alignnone wp-image-1220805 size-large\" src=\"https:\/\/www.acapulco.press\/wp-content\/uploads\/2021\/02\/UAGRO-CALLES3-840x630.jpg\" alt=\"\" width=\"840\" height=\"630\" \/><\/p>\n<p><img loading=\"lazy\" decoding=\"async\" class=\"alignnone wp-image-1220804 size-large\" src=\"https:\/\/www.acapulco.press\/wp-content\/uploads\/2021\/02\/UAGRO-CALLES2-840x630.jpg\" alt=\"\" width=\"840\" height=\"630\" \/><\/p>\n<p><img loading=\"lazy\" decoding=\"async\" class=\"alignnone wp-image-1220806 size-large\" src=\"https:\/\/www.acapulco.press\/wp-content\/uploads\/2021\/02\/UAGRO-CALLES4-840x630.jpg\" alt=\"\" width=\"840\" height=\"630\" \/><\/p>\n","protected":false},"excerpt":{"rendered":"<p>CHILPANCINGO. * 5 de febrero de 2021. ] UAGro. Como lo anunciamos el a\u00f1o pasado junto al gobernador H\u00e9ctor Astudillo Flores, una de las 36 obras que beneficiar\u00e1n a la comunidad universitaria ser\u00e1 la pavimentaci\u00f3n de la carretera Chilpancingo-Zumpango, la cual conectar\u00e1 a lo largo de 5 km al Hospital General de Zumpango, la Preparatoria&#8230;<\/p>\n","protected":false},"author":2,"featured_media":1220803,"comment_status":"closed","ping_status":"closed","sticky":false,"template":"","format":"standard","meta":{"footnotes":""},"categories":[2016],"tags":[6705,10644,17463,17610],"class_list":["post-1220801","post","type-post","status-publish","format-standard","has-post-thumbnail","hentry","category-uagro-society-politics","tag-covid19","tag-javier-saldana-almazan","tag-uagro","tag-universidad-autonoma-de-guerrero-uagro"],"_links":{"self":[{"href":"https:\/\/www.acapulcopress.com\/index.php\/wp-json\/wp\/v2\/posts\/1220801","targetHints":{"allow":["GET"]}}],"collection":[{"href":"https:\/\/www.acapulcopress.com\/index.php\/wp-json\/wp\/v2\/posts"}],"about":[{"href":"https:\/\/www.acapulcopress.com\/index.php\/wp-json\/wp\/v2\/types\/post"}],"author":[{"embeddable":true,"href":"https:\/\/www.acapulcopress.com\/index.php\/wp-json\/wp\/v2\/users\/2"}],"replies":[{"embeddable":true,"href":"https:\/\/www.acapulcopress.com\/index.php\/wp-json\/wp\/v2\/comments?post=1220801"}],"version-history":[{"count":0,"href":"https:\/\/www.acapulcopress.com\/index.php\/wp-json\/wp\/v2\/posts\/1220801\/revisions"}],"wp:featuredmedia":[{"embeddable":true,"href":"https:\/\/www.acapulcopress.com\/index.php\/wp-json\/"}],"wp:attachment":[{"href":"https:\/\/www.acapulcopress.com\/index.php\/wp-json\/wp\/v2\/media?parent=1220801"}],"wp:term":[{"taxonomy":"category","embeddable":true,"href":"https:\/\/www.acapulcopress.com\/index.php\/wp-json\/wp\/v2\/categories?post=1220801"},{"taxonomy":"post_tag","embeddable":true,"href":"https:\/\/www.acapulcopress.com\/index.php\/wp-json\/wp\/v2\/tags?post=1220801"}],"curies":[{"name":"wp","href":"https:\/\/api.w.org\/{rel}","templated":true}]}}