{"id":1220811,"date":"2021-02-07T20:15:18","date_gmt":"2021-02-08T02:15:18","guid":{"rendered":"https:\/\/www.acapulcopress.com\/?p=1220811"},"modified":"2021-02-07T20:15:18","modified_gmt":"2021-02-08T02:15:18","slug":"celebra-saldana-consolidacion-del-modelo-de-regionalizacion-uagro","status":"publish","type":"post","link":"https:\/\/www.acapulcopress.com\/index.php\/2021\/02\/07\/celebra-saldana-consolidacion-del-modelo-de-regionalizacion-uagro\/","title":{"rendered":"Celebra Salda\u00f1a consolidaci\u00f3n del Modelo de Regionalizaci\u00f3n #UAGro,"},"content":{"rendered":"<p>CHILPANCINGO. * 7 de febrero de 2021.<br \/>\n] UAGro.<\/p>\n<p style=\"text-align: justify;\">A seis a\u00f1os de que el H. Consejo Universitario aprob\u00f3 la creaci\u00f3n de los campus regionales, hoy celebramos la exitosa consolidaci\u00f3n del Modelo de Regionalizaci\u00f3n de la #UAGro, un proyecto que ha beneficiado de manera trascendental a los j\u00f3venes, inform\u00f3 el Rector Javier Salda\u00f1a Almaz\u00e1n.<\/p>\n<p style=\"text-align: justify;\">Las carreras que se ofertan en los Campus de la UAGro son estrat\u00e9gicas, planeadas para acercar la educaci\u00f3n superior a sus estudiantes y ayudar de manera importante con el desarrollo regional del estado, expres\u00f3.<\/p>\n<p>#OrgullosamenteUAGro<\/p>\n<p>&nbsp;<\/p>\n","protected":false},"excerpt":{"rendered":"<p>CHILPANCINGO. * 7 de febrero de 2021. ] UAGro. A seis a\u00f1os de que el H. Consejo Universitario aprob\u00f3 la creaci\u00f3n de los campus regionales, hoy celebramos la exitosa consolidaci\u00f3n del Modelo de Regionalizaci\u00f3n de la #UAGro, un proyecto que ha beneficiado de manera trascendental a los j\u00f3venes, inform\u00f3 el Rector Javier Salda\u00f1a Almaz\u00e1n. Las&#8230;<\/p>\n","protected":false},"author":2,"featured_media":1220812,"comment_status":"closed","ping_status":"closed","sticky":false,"template":"","format":"standard","meta":{"footnotes":""},"categories":[18561,2016],"tags":[2812,6705,10644,17463,17610],"class_list":["post-1220811","post","type-post","status-publish","format-standard","has-post-thumbnail","hentry","category-society-politics","category-uagro-society-politics","tag-orgullosamenteuagro","tag-covid19","tag-javier-saldana-almazan","tag-uagro","tag-universidad-autonoma-de-guerrero-uagro"],"_links":{"self":[{"href":"https:\/\/www.acapulcopress.com\/index.php\/wp-json\/wp\/v2\/posts\/1220811","targetHints":{"allow":["GET"]}}],"collection":[{"href":"https:\/\/www.acapulcopress.com\/index.php\/wp-json\/wp\/v2\/posts"}],"about":[{"href":"https:\/\/www.acapulcopress.com\/index.php\/wp-json\/wp\/v2\/types\/post"}],"author":[{"embeddable":true,"href":"https:\/\/www.acapulcopress.com\/index.php\/wp-json\/wp\/v2\/users\/2"}],"replies":[{"embeddable":true,"href":"https:\/\/www.acapulcopress.com\/index.php\/wp-json\/wp\/v2\/comments?post=1220811"}],"version-history":[{"count":0,"href":"https:\/\/www.acapulcopress.com\/index.php\/wp-json\/wp\/v2\/posts\/1220811\/revisions"}],"wp:featuredmedia":[{"embeddable":true,"href":"https:\/\/www.acapulcopress.com\/index.php\/wp-json\/"}],"wp:attachment":[{"href":"https:\/\/www.acapulcopress.com\/index.php\/wp-json\/wp\/v2\/media?parent=1220811"}],"wp:term":[{"taxonomy":"category","embeddable":true,"href":"https:\/\/www.acapulcopress.com\/index.php\/wp-json\/wp\/v2\/categories?post=1220811"},{"taxonomy":"post_tag","embeddable":true,"href":"https:\/\/www.acapulcopress.com\/index.php\/wp-json\/wp\/v2\/tags?post=1220811"}],"curies":[{"name":"wp","href":"https:\/\/api.w.org\/{rel}","templated":true}]}}