{"id":1220840,"date":"2021-02-08T22:07:13","date_gmt":"2021-02-09T04:07:13","guid":{"rendered":"https:\/\/www.acapulcopress.com\/?p=1220840"},"modified":"2021-02-08T22:07:13","modified_gmt":"2021-02-09T04:07:13","slug":"no-voy-a-usar-cubrebocas-su-uso-no-es-obligatorio-es-voluntario-amlo","status":"publish","type":"post","link":"https:\/\/www.acapulcopress.com\/index.php\/2021\/02\/08\/no-voy-a-usar-cubrebocas-su-uso-no-es-obligatorio-es-voluntario-amlo\/","title":{"rendered":"\u00a1No voy a usar cubrebocas! Su uso no es obligatorio, es voluntario | AMLO"},"content":{"rendered":"<p style=\"text-align: justify;\">CIUDAD DE M\u00c9XICO. * 8 de febrero de 2021.<br \/>\n<em>] Gobierno de M\u00e9xico.<\/em><\/p>\n<p style=\"text-align: justify;\">El presidente Andr\u00e9s Manuel L\u00f3pez Obrador asegur\u00f3 que a pesar de haber contra\u00eddo Covid-19 y de las recomendaciones de los funcionarios de Salud, no usar\u00e1 cubrebocas al regresar a sus actividades p\u00fablicas.<\/p>\n<p style=\"text-align: justify;\"><strong>\u2014\u00bfUsted va a usar cubrebocas?\u2014<\/strong>, se le cuestion\u00f3 a su regreso a las conferencias \u201cma\u00f1aneras\u201d.<\/p>\n<p style=\"text-align: justify;\">\u2014No. Ahora, ya adem\u00e1s de acuerdo a lo que plantean los m\u00e9dicos, ya no contagio.<\/p>\n<p style=\"text-align: justify;\"><strong>\u2014Pero en este mismo espacio el doctor Gatell<\/strong> (Hugo L\u00f3pez-Gatell, subsecretario de Prevenci\u00f3n y Promoci\u00f3n de la Salud) <strong>ha reiterado que inclusive las personas vacunadas tendr\u00edan que usar el cubrebocas. \u00bfAun as\u00ed?<\/strong><\/p>\n<p style=\"text-align: justify;\">\u2014No, y respeto mucho al doctor Gatell y es un muy buen m\u00e9dico y ha ayudado mucho para conducir este proceso\u2014 replic\u00f3 el mandatario.<\/p>\n<p style=\"text-align: justify;\">Descart\u00f3 adem\u00e1s que las autoridades vayan a instrumentar una pol\u00edtica para el uso obligatorio de cubrebocas en el pa\u00eds, con el argumento de eludir el autoritarismo.<\/p>\n<p style=\"text-align: justify;\">\u201cEn M\u00e9xico no hay autoritarismo, todo es voluntario y cada quien debe de asumir su responsabilidad\u201d, coment\u00f3.<\/p>\n<p style=\"text-align: justify;\">En noviembre pasado, el subsecretario de Salud, Hugo L\u00f3pez-Gatell, sugiri\u00f3 a los medios de comunicaci\u00f3n que ellos se encargaran de la promoci\u00f3n del uso del cubrebocas en sus primeras planas.<\/p>\n<p style=\"text-align: justify;\">El funcionario federal encargado del control de la enfermedad ha desestimado el uso del cubrebocas como principal factor para contener los contagios de Covid-19 y ha dicho que es s\u00f3lo un complemento auxiliar.<\/p>\n<p style=\"text-align: justify;\">En su conferencia de este lunes, L\u00f3pez Obrador tambi\u00e9n desestim\u00f3 los cuestionamientos sobre un posible cambio en la pol\u00edtica para contener la pandemia de Covid-19 en el pa\u00eds.<\/p>\n<p style=\"text-align: justify;\">Tambi\u00e9n reiter\u00f3 que el fin de semana llegar\u00e1 un cargamento de 1 mill\u00f3n de vacunas contra el Covid-19 de AstraZeneca al pa\u00eds, provenientes de la India, mientras que el env\u00edo de vacunas de Pfizer se retomar\u00eda entre el 10 y el 18 de febrero.<\/p>\n<p style=\"text-align: justify;\">\u201cEs muy probable que antes de que termine la semana lleguen como 1 mill\u00f3n de dosis de AstraZeneca de la India\u201d, sostuvo.<\/p>\n","protected":false},"excerpt":{"rendered":"<p>CIUDAD DE M\u00c9XICO. * 8 de febrero de 2021. ] Gobierno de M\u00e9xico. El presidente Andr\u00e9s Manuel L\u00f3pez Obrador asegur\u00f3 que a pesar de haber contra\u00eddo Covid-19 y de las recomendaciones de los funcionarios de Salud, no usar\u00e1 cubrebocas al regresar a sus actividades p\u00fablicas. \u2014\u00bfUsted va a usar cubrebocas?\u2014, se le cuestion\u00f3 a su&#8230;<\/p>\n","protected":false},"author":2,"featured_media":1220841,"comment_status":"closed","ping_status":"closed","sticky":false,"template":"","format":"standard","meta":{"footnotes":""},"categories":[1969,1972,18580],"tags":[3896,6705,6830],"class_list":["post-1220840","post","type-post","status-publish","format-standard","has-post-thumbnail","hentry","category-trending","category-special","category-salud-mundial","tag-andres-manuel-lopez-obrador","tag-covid19","tag-cubrebocas"],"_links":{"self":[{"href":"https:\/\/www.acapulcopress.com\/index.php\/wp-json\/wp\/v2\/posts\/1220840","targetHints":{"allow":["GET"]}}],"collection":[{"href":"https:\/\/www.acapulcopress.com\/index.php\/wp-json\/wp\/v2\/posts"}],"about":[{"href":"https:\/\/www.acapulcopress.com\/index.php\/wp-json\/wp\/v2\/types\/post"}],"author":[{"embeddable":true,"href":"https:\/\/www.acapulcopress.com\/index.php\/wp-json\/wp\/v2\/users\/2"}],"replies":[{"embeddable":true,"href":"https:\/\/www.acapulcopress.com\/index.php\/wp-json\/wp\/v2\/comments?post=1220840"}],"version-history":[{"count":0,"href":"https:\/\/www.acapulcopress.com\/index.php\/wp-json\/wp\/v2\/posts\/1220840\/revisions"}],"wp:featuredmedia":[{"embeddable":true,"href":"https:\/\/www.acapulcopress.com\/index.php\/wp-json\/"}],"wp:attachment":[{"href":"https:\/\/www.acapulcopress.com\/index.php\/wp-json\/wp\/v2\/media?parent=1220840"}],"wp:term":[{"taxonomy":"category","embeddable":true,"href":"https:\/\/www.acapulcopress.com\/index.php\/wp-json\/wp\/v2\/categories?post=1220840"},{"taxonomy":"post_tag","embeddable":true,"href":"https:\/\/www.acapulcopress.com\/index.php\/wp-json\/wp\/v2\/tags?post=1220840"}],"curies":[{"name":"wp","href":"https:\/\/api.w.org\/{rel}","templated":true}]}}