{"id":1220847,"date":"2021-02-09T18:17:11","date_gmt":"2021-02-10T00:17:11","guid":{"rendered":"https:\/\/www.acapulcopress.com\/?p=1220847"},"modified":"2021-02-09T18:17:11","modified_gmt":"2021-02-10T00:17:11","slug":"politicos-chapulines-farsantes-advenedizos-y-farsantes-basta","status":"publish","type":"post","link":"https:\/\/www.acapulcopress.com\/index.php\/2021\/02\/09\/politicos-chapulines-farsantes-advenedizos-y-farsantes-basta\/","title":{"rendered":"Pol\u00edticos chapulines, farsantes, advenedizos y farsantes, \u00a1basta!"},"content":{"rendered":"<p style=\"text-align: justify;\"><strong>E d i t o r i a l<\/strong><\/p>\n<p>Ya no muestren sus registros, se\u00f1ores candidatos, \u00a1muestren sus verdaderos planes para rescatar a la sociedad de tanta corrupci\u00f3n, marginaci\u00f3n e injusticia social, desempleo, analfabetismo, inseguridad, narcoviolencia, leyes insulsas y falta de servicios b\u00e1sicos vitales!<\/p>\n<p>No hay tanto dinero publico para mantenerlos a todos: \u00abPrimero demuestren con verdadero altruismo por qu\u00e9 deben los ciudadanos votar por ustedes; luego presuman sus registros como aspirantes y pidan el voto\u00bb.<\/p>\n<p>Ahora que la pandemia azota y lacera a miles de familias acapulque\u00f1as y guerrerenses, \u00a1den una muestra de generosidad por el pr\u00f3jimo, siquiera; no sean tan miserables y c\u00ednicos!<\/p>\n<p>De par\u00e1sitos, oportunistas, advenedizos y farsantes ya est\u00e1 llena la pol\u00edtica. Los que han vivido de la \u2018ubre\u2019 p\u00fablica por a\u00f1os, explotando al pueblo y enriqueci\u00e9ndose desvergonzadamente del erario, junto con sus familiares y compadres, \u00a1tengan tantita \u2018madre\u2019 y dejen que los que de verdad anhelan un mejor futuro para Acapulco y Guerrero tengan la oportunidad de demostrarlo!<\/p>\n<p>Aquellos que con argucias andan diciendo que ellos s\u00ed har\u00edan muchas cosas que otros no han hecho, \u00a1comprom\u00e9tanse con hechos! No solo digan &#8216;qu\u00e9 har\u00edan&#8217; si fueran alcaldes, diputados o gobernadores: \u00ab\u00a1Digan &#8216;c\u00f3mo lo har\u00edan&#8217; y de d\u00f3nde sacar\u00edan los recursos para cumplir sus promesas respecto a problemas graves como a la falta de agua potable, inseguridad y desempleo, por ejemplo!<\/p>\n<p>Convenzan, g\u00e1nense la confianza con proyectos reales; dejen en engatusar al pueblo con promesas electoreras, vali\u00e9ndose de la pandemia y del hambre y sed de justicia de los electores.<\/p>\n<p>Ahora bien, si algunos de ustedes llegaran a consolidar sus sue\u00f1os de ocupar alg\u00fan cargo de elecci\u00f3n popular, d\u00e9jense de pretextos y de buscar culpables: \u00ab\u00a1P\u00f3nganse a trabajar!\u00bb Y jam\u00e1s olviden que sus responsabilidades comienzan a partir de que asumen sus cargos, sin trabas ni contratiempos. \u00a1Todos los que aspiran cargos pol\u00edticos ya saben a qu\u00e9 le tiran y por eso se les exige capacidad administrativa, conocimiento b\u00e1sico de las leyes y talento pol\u00edtico! Quienes carezcan de al menos estos tres requisitos, \u00a1que mejor ni hagan el rid\u00edculo presumiendo sus registros!<br \/>\nwww<strong>.acapulcopress.<\/strong>com<\/p>\n","protected":false},"excerpt":{"rendered":"<p>E d i t o r i a l Ya no muestren sus registros, se\u00f1ores candidatos, \u00a1muestren sus verdaderos planes para rescatar a la sociedad de tanta corrupci\u00f3n, marginaci\u00f3n e injusticia social, desempleo, analfabetismo, inseguridad, narcoviolencia, leyes insulsas y falta de servicios b\u00e1sicos vitales! No hay tanto dinero publico para mantenerlos a todos: \u00abPrimero demuestren&#8230;<\/p>\n","protected":false},"author":2,"featured_media":1220802,"comment_status":"closed","ping_status":"closed","sticky":false,"template":"","format":"standard","meta":{"footnotes":""},"categories":[1972,2008,18582],"tags":[5672,7799,13297],"class_list":["post-1220847","post","type-post","status-publish","format-standard","has-post-thumbnail","hentry","category-special","category-editorial","category-tinta-digital","tag-chapulines","tag-eleccion-guerrero-2021","tag-morena"],"_links":{"self":[{"href":"https:\/\/www.acapulcopress.com\/index.php\/wp-json\/wp\/v2\/posts\/1220847","targetHints":{"allow":["GET"]}}],"collection":[{"href":"https:\/\/www.acapulcopress.com\/index.php\/wp-json\/wp\/v2\/posts"}],"about":[{"href":"https:\/\/www.acapulcopress.com\/index.php\/wp-json\/wp\/v2\/types\/post"}],"author":[{"embeddable":true,"href":"https:\/\/www.acapulcopress.com\/index.php\/wp-json\/wp\/v2\/users\/2"}],"replies":[{"embeddable":true,"href":"https:\/\/www.acapulcopress.com\/index.php\/wp-json\/wp\/v2\/comments?post=1220847"}],"version-history":[{"count":0,"href":"https:\/\/www.acapulcopress.com\/index.php\/wp-json\/wp\/v2\/posts\/1220847\/revisions"}],"wp:featuredmedia":[{"embeddable":true,"href":"https:\/\/www.acapulcopress.com\/index.php\/wp-json\/"}],"wp:attachment":[{"href":"https:\/\/www.acapulcopress.com\/index.php\/wp-json\/wp\/v2\/media?parent=1220847"}],"wp:term":[{"taxonomy":"category","embeddable":true,"href":"https:\/\/www.acapulcopress.com\/index.php\/wp-json\/wp\/v2\/categories?post=1220847"},{"taxonomy":"post_tag","embeddable":true,"href":"https:\/\/www.acapulcopress.com\/index.php\/wp-json\/wp\/v2\/tags?post=1220847"}],"curies":[{"name":"wp","href":"https:\/\/api.w.org\/{rel}","templated":true}]}}