{"id":1220853,"date":"2021-02-09T18:55:54","date_gmt":"2021-02-10T00:55:54","guid":{"rendered":"https:\/\/www.acapulcopress.com\/?p=1220853"},"modified":"2021-02-09T18:55:54","modified_gmt":"2021-02-10T00:55:54","slug":"fge-captura-en-acapulco-a-probable-responsable-de-abuso-sexual-a-menores","status":"publish","type":"post","link":"https:\/\/www.acapulcopress.com\/index.php\/2021\/02\/09\/fge-captura-en-acapulco-a-probable-responsable-de-abuso-sexual-a-menores\/","title":{"rendered":"FGE captura en Acapulco a probable responsable de Abuso Sexual a Menores"},"content":{"rendered":"<p style=\"text-align: justify;\">CHILPANCINGO. * 9 de febrero de 2021.<br \/>\n<em>] <a href=\"https:\/\/fiscaliaguerrero.gob.mx\" target=\"_blank\" rel=\"noopener\">https:\/\/fiscaliaguerrero.gob.mx<\/a>.<\/em><\/p>\n<p style=\"text-align: justify;\">Fiscal\u00eda de Guerrero a trav\u00e9s de la Polic\u00eda Investigadora Ministerial dio cumplimiento a la orden de aprehensi\u00f3n en <img loading=\"lazy\" decoding=\"async\" class=\"alignleft size-medium wp-image-1220854\" src=\"https:\/\/www.acapulco.press\/wp-content\/uploads\/2021\/02\/fge-eleazar-375x375.jpg\" alt=\"\" width=\"375\" height=\"375\" \/>contra de Jonathan \u00abN\u00bb, detenido en Acapulco como probable responsable de Abuso Sexual a Personas Menores de Edad, carpeta judicial C-39\/2021 quedando a disposici\u00f3n del Juez de Control y Enjuiciamiento Penal del Distrito de Tabares.<\/p>\n<p style=\"text-align: justify;\">En otro caso, la Polic\u00eda Investigadora Ministerial dio cumplimiento a la orden de aprehensi\u00f3n en contra de quien dijo llamarse Eleazar \u00abN\u00bb, detenido sobre carretera federal Acapulco-Zihuatanejo, como probable responsable del delito de Lesiones, hechos en la causa penal 325\/2013-II, quedando a disposici\u00f3n del Juez de Primera Instancia Penal del Distrito Judicial de Galeana.<\/p>\n","protected":false},"excerpt":{"rendered":"<p>CHILPANCINGO. * 9 de febrero de 2021. ] https:\/\/fiscaliaguerrero.gob.mx. Fiscal\u00eda de Guerrero a trav\u00e9s de la Polic\u00eda Investigadora Ministerial dio cumplimiento a la orden de aprehensi\u00f3n en contra de Jonathan \u00abN\u00bb, detenido en Acapulco como probable responsable de Abuso Sexual a Personas Menores de Edad, carpeta judicial C-39\/2021 quedando a disposici\u00f3n del Juez de Control&#8230;<\/p>\n","protected":false},"author":2,"featured_media":1220855,"comment_status":"closed","ping_status":"closed","sticky":false,"template":"","format":"standard","meta":{"footnotes":""},"categories":[18561,2005],"tags":[8682,10946,14737],"class_list":["post-1220853","post","type-post","status-publish","format-standard","has-post-thumbnail","hentry","category-society-politics","category-seguridad-y-justicia","tag-fiscalia-general-de-guerrero-fge","tag-jorge-zuriel-de-los-santos-barrila","tag-policia-ministerial-de-guerrero"],"_links":{"self":[{"href":"https:\/\/www.acapulcopress.com\/index.php\/wp-json\/wp\/v2\/posts\/1220853","targetHints":{"allow":["GET"]}}],"collection":[{"href":"https:\/\/www.acapulcopress.com\/index.php\/wp-json\/wp\/v2\/posts"}],"about":[{"href":"https:\/\/www.acapulcopress.com\/index.php\/wp-json\/wp\/v2\/types\/post"}],"author":[{"embeddable":true,"href":"https:\/\/www.acapulcopress.com\/index.php\/wp-json\/wp\/v2\/users\/2"}],"replies":[{"embeddable":true,"href":"https:\/\/www.acapulcopress.com\/index.php\/wp-json\/wp\/v2\/comments?post=1220853"}],"version-history":[{"count":0,"href":"https:\/\/www.acapulcopress.com\/index.php\/wp-json\/wp\/v2\/posts\/1220853\/revisions"}],"wp:featuredmedia":[{"embeddable":true,"href":"https:\/\/www.acapulcopress.com\/index.php\/wp-json\/"}],"wp:attachment":[{"href":"https:\/\/www.acapulcopress.com\/index.php\/wp-json\/wp\/v2\/media?parent=1220853"}],"wp:term":[{"taxonomy":"category","embeddable":true,"href":"https:\/\/www.acapulcopress.com\/index.php\/wp-json\/wp\/v2\/categories?post=1220853"},{"taxonomy":"post_tag","embeddable":true,"href":"https:\/\/www.acapulcopress.com\/index.php\/wp-json\/wp\/v2\/tags?post=1220853"}],"curies":[{"name":"wp","href":"https:\/\/api.w.org\/{rel}","templated":true}]}}