{"id":1220860,"date":"2021-02-09T19:13:13","date_gmt":"2021-02-10T01:13:13","guid":{"rendered":"https:\/\/www.acapulcopress.com\/?p=1220860"},"modified":"2021-02-09T19:13:13","modified_gmt":"2021-02-10T01:13:13","slug":"aguirre-da-banderazo-a-pavimentacion-de-calle-miraflores-en-el-pedregoso","status":"publish","type":"post","link":"https:\/\/www.acapulcopress.com\/index.php\/2021\/02\/09\/aguirre-da-banderazo-a-pavimentacion-de-calle-miraflores-en-el-pedregoso\/","title":{"rendered":"Aguirre da banderazo a pavimentaci\u00f3n de calle Miraflores, en El Pedregoso"},"content":{"rendered":"<p style=\"text-align: justify;\">ACAPULCO. * 9 de febrero de 2021.<br \/>\n<em>] Prensa #Aguirre.<\/em><\/p>\n<p style=\"text-align: justify;\">El regidor con licencia, V\u00edctor Aguirre Alcaide encabez\u00f3 en la colonia Puesta del Sol, Pedregoso, el arranque de obra <img loading=\"lazy\" decoding=\"async\" class=\"alignleft size-medium wp-image-1220863\" src=\"https:\/\/www.acapulco.press\/wp-content\/uploads\/2021\/02\/aguirreA2-375x250.jpg\" alt=\"\" width=\"375\" height=\"250\" \/>de pavimentaci\u00f3n de la calle Miraflores, que beneficiara a cientos de familias.<\/p>\n<p style=\"text-align: justify;\">V\u00edctor Aguirre destac\u00f3 que en este a\u00f1o llevar\u00e1 a cabo la pavimentaci\u00f3n de 20 calles en diversas colonias de la ciudad tur\u00edstica, en medio de la crisis sanitaria mundial del Covid-19.<\/p>\n<p style=\"text-align: justify;\">\u201cLos proyectos de rehabilitaci\u00f3n de las vialidades hacia la ciudadan\u00eda, no se pretende actuar con ego\u00edsmo, cuando en los planes de mejoramiento hay esperanza a trav\u00e9s de la exigencia ciudadana\u201d, expres\u00f3.<\/p>\n<p style=\"text-align: justify;\"><img loading=\"lazy\" decoding=\"async\" class=\"alignleft size-medium wp-image-1220861\" src=\"https:\/\/www.acapulco.press\/wp-content\/uploads\/2021\/02\/aguirreA-375x250.jpg\" alt=\"\" width=\"375\" height=\"250\" \/>Y agreg\u00f3 que \u201cen el proyecto social y progresista por Acapulco, lo encabezamos todos, nadie sobra y falta, para avanzar hacia el futuro de Acapulco\u201d.<\/p>\n<p style=\"text-align: justify;\">Aguirre Alcaide llam\u00f3 a las y los habitantes de la calle Miraflores a aprovechar el mejoramiento de su v\u00eda de comunicaci\u00f3n y que beneficiara la viabilidad peatonal y transporte.<\/p>\n<p style=\"text-align: justify;\">As\u00ed mismo, Mar\u00eda S\u00e1nchez Su\u00e1rez le manifest\u00f3 su agradecimiento del banderazo de inicio del trabajo de pavimentaci\u00f3n en dicha calle, qui\u00e9n respalda su proyecto de este a\u00f1o 2021.<\/p>\n","protected":false},"excerpt":{"rendered":"<p>ACAPULCO. * 9 de febrero de 2021. ] Prensa #Aguirre. El regidor con licencia, V\u00edctor Aguirre Alcaide encabez\u00f3 en la colonia Puesta del Sol, Pedregoso, el arranque de obra de pavimentaci\u00f3n de la calle Miraflores, que beneficiara a cientos de familias. V\u00edctor Aguirre destac\u00f3 que en este a\u00f1o llevar\u00e1 a cabo la pavimentaci\u00f3n de 20&#8230;<\/p>\n","protected":false},"author":2,"featured_media":1220864,"comment_status":"closed","ping_status":"closed","sticky":false,"template":"","format":"standard","meta":{"footnotes":""},"categories":[2024,18561],"tags":[14895,17843],"class_list":["post-1220860","post","type-post","status-publish","format-standard","has-post-thumbnail","hentry","category-politica-activism","category-society-politics","tag-presidencia-de-acapulco","tag-victor-aguirre-alcaide"],"_links":{"self":[{"href":"https:\/\/www.acapulcopress.com\/index.php\/wp-json\/wp\/v2\/posts\/1220860","targetHints":{"allow":["GET"]}}],"collection":[{"href":"https:\/\/www.acapulcopress.com\/index.php\/wp-json\/wp\/v2\/posts"}],"about":[{"href":"https:\/\/www.acapulcopress.com\/index.php\/wp-json\/wp\/v2\/types\/post"}],"author":[{"embeddable":true,"href":"https:\/\/www.acapulcopress.com\/index.php\/wp-json\/wp\/v2\/users\/2"}],"replies":[{"embeddable":true,"href":"https:\/\/www.acapulcopress.com\/index.php\/wp-json\/wp\/v2\/comments?post=1220860"}],"version-history":[{"count":0,"href":"https:\/\/www.acapulcopress.com\/index.php\/wp-json\/wp\/v2\/posts\/1220860\/revisions"}],"wp:featuredmedia":[{"embeddable":true,"href":"https:\/\/www.acapulcopress.com\/index.php\/wp-json\/"}],"wp:attachment":[{"href":"https:\/\/www.acapulcopress.com\/index.php\/wp-json\/wp\/v2\/media?parent=1220860"}],"wp:term":[{"taxonomy":"category","embeddable":true,"href":"https:\/\/www.acapulcopress.com\/index.php\/wp-json\/wp\/v2\/categories?post=1220860"},{"taxonomy":"post_tag","embeddable":true,"href":"https:\/\/www.acapulcopress.com\/index.php\/wp-json\/wp\/v2\/tags?post=1220860"}],"curies":[{"name":"wp","href":"https:\/\/api.w.org\/{rel}","templated":true}]}}