{"id":1220870,"date":"2021-02-09T21:08:51","date_gmt":"2021-02-10T03:08:51","guid":{"rendered":"https:\/\/www.acapulcopress.com\/?p=1220870"},"modified":"2021-02-09T21:08:51","modified_gmt":"2021-02-10T03:08:51","slug":"por-protagonico-e-incompetente-pide-senador-anorve-renuncia-de-gatell","status":"publish","type":"post","link":"https:\/\/www.acapulcopress.com\/index.php\/2021\/02\/09\/por-protagonico-e-incompetente-pide-senador-anorve-renuncia-de-gatell\/","title":{"rendered":"Por protag\u00f3nico e incompetente, pide Senador A\u00f1orve renuncia de Gatell"},"content":{"rendered":"<p style=\"text-align: justify;\">ACAPULCO. * 9 de febrero de 2021.<br \/>\n<em>] Especial.<\/em><\/p>\n<p style=\"text-align: justify;\">El senador Manuel A\u00f1orve Ba\u00f1os, del Grupo Parlamentario del PRI, pidi\u00f3 la renuncia del subsecretario de Prevenci\u00f3n y Promoci\u00f3n de la Salud de la Secretar\u00eda de Salud Hugo L\u00f3pez-Gatell, quien frente a la emergencia sanitaria por el Covid-19 ha dejado a un lado las evidencias cient\u00edficas y los llamados de las autoridades sanitarias internacionales, como la Organizaci\u00f3n Mundial de la Salud (OMS) y ha preferido el protagonismo y los reflectores medi\u00e1ticos.<\/p>\n<p style=\"text-align: justify;\">En el apartado de Agenda Pol\u00edtica, durante la sesi\u00f3n ordinaria de la C\u00e1mara de Senadores, realizada en su modalidad a distancia, el legislador guerrerense sostuvo que en todo este tiempo que ha durado la pandemia, el funcionario ha mentido repetidamente y cayendo en contradicciones que rayan en lo criminal.<\/p>\n<p style=\"text-align: justify;\">A nombre del Grupo Parlamentario del PRI, A\u00f1orve, asegur\u00f3 que es evidente la falta de transparencia en el proceso de vacunaci\u00f3n contra el Covid-19, pues no se sabe a ciencia cierta cu\u00e1ntas vacunas han llegado a nuestro pa\u00eds, cu\u00e1ntas se han aplicado y cu\u00e1ntas personas las han recibido.<\/p>\n<p style=\"text-align: justify;\">\u201cY esto solo empeorar\u00e1, porque desafortunadamente nuestro pa\u00eds ha sufrido el peor manejo de la pandemia en el mundo, y eso est\u00e1 comprobado en la estad\u00edstica y en todas las revistas cient\u00edficas mundialmente conocidas, tanto en materia de salud, por supuesto, un mal manejo, como en materia econ\u00f3mica, como aqu\u00ed se ha dicho\u201d, subray\u00f3.<\/p>\n<p style=\"text-align: justify;\">Dijo que si en realidad se desea cumplir el calendario propuesto en el plan de vacunaci\u00f3n gubernamental, es necesario vacunar a dos millones de personas por semana, para cubrir los poco m\u00e1s de 40 millones de mexicanos mayores de 40 a\u00f1os, al 31 de mayo del 2021. Pero como debe ser doble dosis, con una separaci\u00f3n de tres o cuatro semanas, la cifra deber\u00e1 de duplicarse hacia finales de este mes, cosa que, como se ve en la realidad, ser\u00e1 imposible de lograr.<\/p>\n<p style=\"text-align: justify;\">\u201cY todo gracias a la rampante incompetencia del subsecretario Hugo L\u00f3pez-Gatell, m\u00e1ximo encargado del manejo de esta cifra; por ello tenemos que pedir que renuncie porque no es posible que no solamente se evite su comparecencia con tantas preguntas que se tienen, yo creo que a estas alturas debe de renunciar L\u00f3pez-Gatell\u201d, puntualiz\u00f3.<\/p>\n<p style=\"text-align: justify;\">Cabe recordar que A\u00f1orve Ba\u00f1os, solicit\u00f3 en un Punto de Acuerdo la comparecencia del Subsecretario para que explique, detalladamente, las acciones del programa de vacunaci\u00f3n contra el Covid-19. Pidi\u00f3 que el encuentro se realice de manera virtual o presencial con el secretario de Salud, Jorge Alcocer Varela, el subsecretario Hugo L\u00f3pez Gatell y al propio encargado de la estrategia de vacunaci\u00f3n de esa dependencia.<\/p>\n<div style=\"width: 960px;\" class=\"wp-video\"><video class=\"wp-video-shortcode\" id=\"video-1220870-1\" width=\"960\" height=\"540\" preload=\"metadata\" controls=\"controls\"><source type=\"video\/mp4\" src=\"https:\/\/www.acapulco.press\/wp-content\/uploads\/2021\/02\/anorve-gatell.mp4?_=1\" \/><a href=\"https:\/\/www.acapulco.press\/wp-content\/uploads\/2021\/02\/anorve-gatell.mp4\">https:\/\/www.acapulco.press\/wp-content\/uploads\/2021\/02\/anorve-gatell.mp4<\/a><\/video><\/div>\n<p style=\"text-align: justify;\">\n","protected":false},"excerpt":{"rendered":"<p>ACAPULCO. * 9 de febrero de 2021. ] Especial. El senador Manuel A\u00f1orve Ba\u00f1os, del Grupo Parlamentario del PRI, pidi\u00f3 la renuncia del subsecretario de Prevenci\u00f3n y Promoci\u00f3n de la Salud de la Secretar\u00eda de Salud Hugo L\u00f3pez-Gatell, quien frente a la emergencia sanitaria por el Covid-19 ha dejado a un lado las evidencias cient\u00edficas&#8230;<\/p>\n","protected":false},"author":2,"featured_media":1220871,"comment_status":"closed","ping_status":"closed","sticky":false,"template":"","format":"standard","meta":{"footnotes":""},"categories":[1970,18561],"tags":[9941,12366,16254,16901],"class_list":["post-1220870","post","type-post","status-publish","format-standard","has-post-thumbnail","hentry","category-epidemiologia-trending","category-society-politics","tag-hugo-lopez-gatell","tag-manuel-anorve-banos","tag-secretaria-de-salud-mexico","tag-subsecretaria-de-prevencion-y-promocion-de-la-salud"],"_links":{"self":[{"href":"https:\/\/www.acapulcopress.com\/index.php\/wp-json\/wp\/v2\/posts\/1220870","targetHints":{"allow":["GET"]}}],"collection":[{"href":"https:\/\/www.acapulcopress.com\/index.php\/wp-json\/wp\/v2\/posts"}],"about":[{"href":"https:\/\/www.acapulcopress.com\/index.php\/wp-json\/wp\/v2\/types\/post"}],"author":[{"embeddable":true,"href":"https:\/\/www.acapulcopress.com\/index.php\/wp-json\/wp\/v2\/users\/2"}],"replies":[{"embeddable":true,"href":"https:\/\/www.acapulcopress.com\/index.php\/wp-json\/wp\/v2\/comments?post=1220870"}],"version-history":[{"count":0,"href":"https:\/\/www.acapulcopress.com\/index.php\/wp-json\/wp\/v2\/posts\/1220870\/revisions"}],"wp:featuredmedia":[{"embeddable":true,"href":"https:\/\/www.acapulcopress.com\/index.php\/wp-json\/"}],"wp:attachment":[{"href":"https:\/\/www.acapulcopress.com\/index.php\/wp-json\/wp\/v2\/media?parent=1220870"}],"wp:term":[{"taxonomy":"category","embeddable":true,"href":"https:\/\/www.acapulcopress.com\/index.php\/wp-json\/wp\/v2\/categories?post=1220870"},{"taxonomy":"post_tag","embeddable":true,"href":"https:\/\/www.acapulcopress.com\/index.php\/wp-json\/wp\/v2\/tags?post=1220870"}],"curies":[{"name":"wp","href":"https:\/\/api.w.org\/{rel}","templated":true}]}}