{"id":1220877,"date":"2021-02-09T21:57:26","date_gmt":"2021-02-10T03:57:26","guid":{"rendered":"https:\/\/www.acapulcopress.com\/?p=1220877"},"modified":"2021-02-09T21:57:26","modified_gmt":"2021-02-10T03:57:26","slug":"felix-salgado-el-mas-popular","status":"publish","type":"post","link":"https:\/\/www.acapulcopress.com\/index.php\/2021\/02\/09\/felix-salgado-el-mas-popular\/","title":{"rendered":"F\u00e9lix Salgado, el m\u00e1s popular"},"content":{"rendered":"<p style=\"text-align: justify;\">Un Rapid\u00edn<br \/>\nCon <strong>\u00c1ngel Irra Carceda<\/strong><br \/>\n<em>] angelirracar@hotmail.com<\/em><\/p>\n<p style=\"text-align: justify;\">\u00bfQui\u00e9n puede negar que F\u00e9lix Salgado Macedonio es el m\u00e1s popular entre los aspirantes a la gubernatura de Guerrero?<\/p>\n<p style=\"text-align: justify;\">Bueno, al menos su servidor, NO.<\/p>\n<p style=\"text-align: justify;\">Pero chance y estaremos de acuerdo en que la popularidad en las encuestas, no son garant\u00eda de triunfo.<br \/>\nVamos. Todav\u00eda ni inicia la campa\u00f1a oficial por la gubernatura.<\/p>\n<p style=\"text-align: justify;\">El punto es que, quieran o no, los bonos de F\u00e9lix Salgado han bajado debido a las denuncias por su presunto abuso sexual en agravio de varias mujeres.<\/p>\n<p style=\"text-align: justify;\">En las preferencias ciudadanas ubican a Morena muy arriba en Guerrero.<\/p>\n<p style=\"text-align: justify;\">Pero en las mediciones se asegura que con F\u00e9lix Salgado van a la baja. Y, por si fuera poco, con las pol\u00edticas del gobierno federal hay muchos sectores sociales agraviados en Guerreo.<\/p>\n<p style=\"text-align: justify;\">Otro ingrediente que operar\u00eda en contra de F\u00e9lix Salgado, es la evidente divisi\u00f3n al interior de Morena. No todos van con \u00e9l.<\/p>\n<p style=\"text-align: justify;\">Desde ahora se advierte una jornada oscura de cuchillazos, si lo confirman como candidato a la gubernatura, en los comicios del 6 de junio venidero.<\/p>\n<p style=\"text-align: justify;\">En ese contexto, podr\u00eda decir que la llamada \u201cguerra sucia\u201d en su contra, no viene del exterior de Morena. No se perturben mentalmente.<\/p>\n<p style=\"text-align: justify;\">Salta a la vista porque el o varios <em>Aliens<\/em> operan en Morena-Guerrero, en contra de F\u00e9lix Salgado. Divisionismo puro.<br \/>\nNo la tiene f\u00e1cil, de ser confirmado oficialmente como candidato, y m\u00e1s porque la alianza PRI-PRD saltar\u00e1 al cuadril\u00e1tero con los guantes bien puestos en los pu\u00f1os de Mario Moreno Arcos o Evodio Vel\u00e1zquez Aguirre.<\/p>\n<p style=\"text-align: justify;\">Respecto a las serias acusaciones contra F\u00e9lix Salgado, les recuerdo que, en promedio, al menos el 53 por ciento lo acaparan las mujeres en el padr\u00f3n electoral.<\/p>\n<p style=\"text-align: justify;\">Lancen sus dados.<\/p>\n","protected":false},"excerpt":{"rendered":"<p>Un Rapid\u00edn Con \u00c1ngel Irra Carceda ] angelirracar@hotmail.com \u00bfQui\u00e9n puede negar que F\u00e9lix Salgado Macedonio es el m\u00e1s popular entre los aspirantes a la gubernatura de Guerrero? Bueno, al menos su servidor, NO. Pero chance y estaremos de acuerdo en que la popularidad en las encuestas, no son garant\u00eda de triunfo. Vamos. Todav\u00eda ni inicia&#8230;<\/p>\n","protected":false},"author":2,"featured_media":1220878,"comment_status":"closed","ping_status":"closed","sticky":false,"template":"","format":"standard","meta":{"footnotes":""},"categories":[2071,1991],"tags":[3938,8467,17511],"class_list":["post-1220877","post","type-post","status-publish","format-standard","has-post-thumbnail","hentry","category-opinion-analisis-columnas","category-libertad-de-expresion","tag-angel-irra-carceda","tag-felix-salgado-macedonio","tag-un-rapidin"],"_links":{"self":[{"href":"https:\/\/www.acapulcopress.com\/index.php\/wp-json\/wp\/v2\/posts\/1220877","targetHints":{"allow":["GET"]}}],"collection":[{"href":"https:\/\/www.acapulcopress.com\/index.php\/wp-json\/wp\/v2\/posts"}],"about":[{"href":"https:\/\/www.acapulcopress.com\/index.php\/wp-json\/wp\/v2\/types\/post"}],"author":[{"embeddable":true,"href":"https:\/\/www.acapulcopress.com\/index.php\/wp-json\/wp\/v2\/users\/2"}],"replies":[{"embeddable":true,"href":"https:\/\/www.acapulcopress.com\/index.php\/wp-json\/wp\/v2\/comments?post=1220877"}],"version-history":[{"count":0,"href":"https:\/\/www.acapulcopress.com\/index.php\/wp-json\/wp\/v2\/posts\/1220877\/revisions"}],"wp:featuredmedia":[{"embeddable":true,"href":"https:\/\/www.acapulcopress.com\/index.php\/wp-json\/"}],"wp:attachment":[{"href":"https:\/\/www.acapulcopress.com\/index.php\/wp-json\/wp\/v2\/media?parent=1220877"}],"wp:term":[{"taxonomy":"category","embeddable":true,"href":"https:\/\/www.acapulcopress.com\/index.php\/wp-json\/wp\/v2\/categories?post=1220877"},{"taxonomy":"post_tag","embeddable":true,"href":"https:\/\/www.acapulcopress.com\/index.php\/wp-json\/wp\/v2\/tags?post=1220877"}],"curies":[{"name":"wp","href":"https:\/\/api.w.org\/{rel}","templated":true}]}}